{"id":4066,"date":"2018-03-12T15:10:59","date_gmt":"2018-03-12T15:10:59","guid":{"rendered":"https:\/\/pafso.aponiawebsolutions.ca\/non-classifiee\/accord-de-principe-conclu\/"},"modified":"2023-08-23T20:24:26","modified_gmt":"2023-08-23T20:24:26","slug":"accord-de-principe-conclu","status":"publish","type":"post","link":"https:\/\/pafso.com\/fr\/non-classifiee\/accord-de-principe-conclu\/","title":{"rendered":"Accord de principe conclu"},"content":{"rendered":"<p>L\u2019Association professionnelle des agents du Service ext\u00e9rieur (APASE) est heureuse d\u2019annoncer que, le lundi 5 mars, elle a conclu un accord de principe avec le Secr\u00e9tariat du Conseil du Tr\u00e9sor.<\/p>\n<p>Avant le d\u00e9but de l\u2019audition d\u2019arbitrage, le conseil d\u2019arbitrage a encourag\u00e9 les deux parties \u00e0 r\u00e9duire le nombre de questions en litige entre elles, principalement une s\u00e9rie de propositions \u00e0 l\u2019\u00e9gard desquelles elles avaient d\u00e9j\u00e0 exprim\u00e9 la volont\u00e9 de s\u2019entendre. Cela a men\u00e9 \u00e0 une discussion des propositions non r\u00e9gl\u00e9es, y compris les salaires, et, avec l\u2019aide du conseil, les parties sont parvenues \u00e0 conclure un accord de principe, mettant ainsi fin \u00e0 trois longues ann\u00e9es de n\u00e9gociations.<\/p>\n<p>Sous r\u00e9serve de ratification, cet accord de principe r\u00e9glera bon nombre de nos probl\u00e8mes de disparit\u00e9 salariale. Nous avons r\u00e9ussi \u00e0 obtenir une augmentation annuelle de 1,25\u00a0% pour 2014 \u00e0 2017. Nous avons aussi accept\u00e9 une augmentation de 2\u00a0% au maximum de l\u2019\u00e9chelle de r\u00e9mun\u00e9ration des FS-2, FS-3 et FS-4 \u00e0 compter du 1<sup>er<\/sup>\u00a0juillet 2016. De m\u00eame, nous avons r\u00e9gl\u00e9 la question des taux de r\u00e9mun\u00e9ration des FS-1\/PPSE en supprimant le premier \u00e9chelon de l\u2019\u00e9chelle FS1\/PPSE et en y ajoutant un \u00e9chelon de 4\u00a0% \u00e0 l\u2019extr\u00e9mit\u00e9 sup\u00e9rieure.<\/p>\n<p>En plus de r\u00e9gler plusieurs de nos probl\u00e8mes d\u2019augmentations salariales et de disparit\u00e9 salariale, l\u2019accord de principe comporte plusieurs autres am\u00e9liorations importantes par rapport \u00e0 notre ancienne convention collective. Par exemple\u00a0:<\/p>\n<ul>\n<li>un \u00e9largissement de la d\u00e9finition de la famille aux fins du cong\u00e9 de d\u00e9c\u00e8s, du cong\u00e9 non pay\u00e9 pour s\u2019occuper de la proche famille et du cong\u00e9 pay\u00e9 pour obligations familiales;<\/li>\n<li>une plus grande souplesse au cong\u00e9 pay\u00e9 pour obligations familiales de mani\u00e8re \u00e0 englober les rendez-vous, les activit\u00e9s scolaires, les fermetures d\u2019\u00e9cole, etc.;<\/li>\n<li>des am\u00e9liorations au cong\u00e9 de d\u00e9c\u00e8s pay\u00e9 de mani\u00e8re qu\u2019il soit possible de le fractionner en deux;<\/li>\n<li>la fusion du cong\u00e9 pour b\u00e9n\u00e9volat et du cong\u00e9 personnel pay\u00e9s de mani\u00e8re \u00e0 donner aux employ\u00e9s deux jours qu\u2019il est possible de r\u00e9partir en quatre; et<\/li>\n<li>l\u2019ajout de l\u2019identit\u00e9 sexuelle et de la fa\u00e7on de l\u2019exprimer \u00e0 la disposition relative \u00e0 l\u2019interdiction de discrimination.<\/li>\n<\/ul>\n<p>Cet accord de principe viendra \u00e0 expiration le 30 juin 2018. L\u2019employeur disposera de 120 jours pour la mettre en \u0153uvre.<\/p>\n<p>Le 8 mars, le comit\u00e9 ex\u00e9cutif s\u2019est r\u00e9uni et a vot\u00e9 en faveur de recommander aux membres d\u2019accepter les modalit\u00e9s de l\u2019accord de principe.<\/p>\n<p>Les pr\u00e9paratifs en vue d\u2019un vote de ratification par voie \u00e9lectronique sont actuellement en cours; le vote devrait se tenir du lundi 19 mars au vendredi 6 avril 2018.<\/p>\n<p>D\u2019autres d\u00e9tails suivront au fur et \u00e0 mesure des d\u00e9veloppements, le cas \u00e9ch\u00e9ant.<\/p>\n<p>\u00a0<\/p>\n","protected":false},"excerpt":{"rendered":"<p>L\u2019Association professionnelle des agents du Service ext\u00e9rieur (APASE) est heureuse d\u2019annoncer que, le lundi 5 mars, elle a conclu un accord de principe avec le Secr\u00e9tariat du Conseil du Tr\u00e9sor. Avant le d\u00e9but de l\u2019audition d\u2019arbitrage, le conseil d\u2019arbitrage a encourag\u00e9 les deux parties \u00e0 r\u00e9duire le nombre de questions en litige entre elles, principalement [&hellip;]<\/p>\n","protected":false},"author":1,"featured_media":0,"comment_status":"closed","ping_status":"closed","sticky":false,"template":"","format":"standard","meta":{"_acf_changed":false,"_seopress_robots_primary_cat":"","_seopress_titles_title":"","_seopress_titles_desc":"","_seopress_robots_index":"","footnotes":""},"categories":[31],"tags":[],"class_list":["post-4066","post","type-post","status-publish","format-standard","hentry","category-non-classifiee"],"acf":[],"_links":{"self":[{"href":"https:\/\/pafso.com\/fr\/wp-json\/wp\/v2\/posts\/4066","targetHints":{"allow":["GET"]}}],"collection":[{"href":"https:\/\/pafso.com\/fr\/wp-json\/wp\/v2\/posts"}],"about":[{"href":"https:\/\/pafso.com\/fr\/wp-json\/wp\/v2\/types\/post"}],"author":[{"embeddable":true,"href":"https:\/\/pafso.com\/fr\/wp-json\/wp\/v2\/users\/1"}],"replies":[{"embeddable":true,"href":"https:\/\/pafso.com\/fr\/wp-json\/wp\/v2\/comments?post=4066"}],"version-history":[{"count":1,"href":"https:\/\/pafso.com\/fr\/wp-json\/wp\/v2\/posts\/4066\/revisions"}],"predecessor-version":[{"id":4473,"href":"https:\/\/pafso.com\/fr\/wp-json\/wp\/v2\/posts\/4066\/revisions\/4473"}],"wp:attachment":[{"href":"https:\/\/pafso.com\/fr\/wp-json\/wp\/v2\/media?parent=4066"}],"wp:term":[{"taxonomy":"category","embeddable":true,"href":"https:\/\/pafso.com\/fr\/wp-json\/wp\/v2\/categories?post=4066"},{"taxonomy":"post_tag","embeddable":true,"href":"https:\/\/pafso.com\/fr\/wp-json\/wp\/v2\/tags?post=4066"}],"curies":[{"name":"wp","href":"https:\/\/api.w.org\/{rel}","templated":true}]}}