{"id":4060,"date":"2017-07-17T13:27:02","date_gmt":"2017-07-17T13:27:02","guid":{"rendered":"https:\/\/pafso.aponiawebsolutions.ca\/non-classifiee\/de-nouveaux-renseignements-sur-phenix-du-conseil-du-tresor-du-canada\/"},"modified":"2023-08-23T20:24:27","modified_gmt":"2023-08-23T20:24:27","slug":"de-nouveaux-renseignements-sur-phenix-du-conseil-du-tresor-du-canada","status":"publish","type":"post","link":"https:\/\/pafso.com\/fr\/non-classifiee\/de-nouveaux-renseignements-sur-phenix-du-conseil-du-tresor-du-canada\/","title":{"rendered":"De nouveaux renseignements sur Ph\u00e9nix du Conseil du Tr\u00e9sor du Canada"},"content":{"rendered":"<p>Le Conseil du Tr\u00e9sor du Canada vient de publier de nouveaux renseignements visant \u00e0 vous informer :<\/p>\n<ol>\n<li><strong><em>d&rsquo;une modification r\u00e9cente de la Directive sur les conditions d\u2019emploi\u00a0<\/em><\/strong>: ces changements ont \u00e9t\u00e9 apport\u00e9s pour diminuer les difficult\u00e9s financi\u00e8res potentielles li\u00e9es \u00e0 la mise en \u0153uvre du syst\u00e8me Ph\u00e9nix pour les employ\u00e9s qui d\u00e9butent les prestations d&rsquo;assurance-invalidit\u00e9, de maternit\u00e9 ou de cong\u00e9 parental, ou les prestations de maladie d&rsquo;assurance-emploi. Par cons\u00e9quent, les minist\u00e8res devraient profiter pleinement de ces nouvelles dispositions.<\/li>\n<li><strong><em>d&rsquo;un nouveau processus de r\u00e9clamation pour les employ\u00e9s actuels et anciens qui ne re\u00e7oivent pas la totalit\u00e9 des prestations et des cr\u00e9dits<\/em><\/strong><em> <strong>gouvernementaux<\/strong> <\/em>auxquels ils ont droit, pour qu\u2019ils aient la possibilit\u00e9 de demander une avance recouvrable jusqu\u2019\u00e0 ce que le versement des prestations et des cr\u00e9dits soit r\u00e9tabli. Si un employ\u00e9 a re\u00e7u un \u00e9tat des revenus d\u2019emploi (T4, Relev\u00e9 1) refl\u00e9tant des revenus sur\u00e9valu\u00e9s et n\u2019a toujours pas re\u00e7u la totalit\u00e9 des prestations et des cr\u00e9dits f\u00e9d\u00e9raux, provinciaux, territoriaux ou municipaux auxquels il a droit, il\u00a0 est invit\u00e9 \u00e0 pr\u00e9senter une demande.<\/li>\n<\/ol>\n<p>\u00a0<\/p>\n<ul>\n<li><a href=\"https:\/\/pafso.com\/wp-content\/uploads\/2017\/07\/AccesAuxPrestationsDeMaterniteEtParentalesDeLAE.pdf\" target=\"_blank\" rel=\"noopener\">[icon name=\u00a0\u00bbfile-pdf-o\u00a0\u00bb class=\u00a0\u00bb\u00a0\u00bb unprefixed_class=\u00a0\u00bb\u00a0\u00bb] Acc\u00e8s aux prestations de maternit\u00e9 etparentales de l&rsquo;AE<\/a><\/li>\n<li><a href=\"https:\/\/pafso.com\/wp-content\/uploads\/2017\/07\/AssuranceInvalidite.pdf\" target=\"_blank\" rel=\"noopener\">[icon name=\u00a0\u00bbfile-pdf-o\u00a0\u00bb class=\u00a0\u00bb\u00a0\u00bb unprefixed_class=\u00a0\u00bb\u00a0\u00bb] Assurance invalidit\u00e9<\/a><\/li>\n<li><a href=\"https:\/\/pafso.com\/wp-content\/uploads\/2017\/07\/AvancesDeSalaireDurgence.pdf\" target=\"_blank\" rel=\"noopener\">[icon name=\u00a0\u00bbfile-pdf-o\u00a0\u00bb class=\u00a0\u00bb\u00a0\u00bb unprefixed_class=\u00a0\u00bb\u00a0\u00bb] Avance de salaire d&rsquo;urgence<\/a><\/li>\n<li><a href=\"https:\/\/pafso.com\/wp-content\/uploads\/2017\/07\/PaiementsPrioritaires.pdf\" target=\"_blank\" rel=\"noopener\">[icon name=\u00a0\u00bbfile-pdf-o\u00a0\u00bb class=\u00a0\u00bb\u00a0\u00bb unprefixed_class=\u00a0\u00bb\u00a0\u00bb] Pairments prioritaires<\/a><\/li>\n<li><a href=\"https:\/\/pafso.com\/wp-content\/uploads\/2017\/07\/AccesAuxPrestationsDassuranceEmploiEnCasDeMaladie-.pdf\" target=\"_blank\" rel=\"noopener\">[icon name=\u00a0\u00bbfile-pdf-o\u00a0\u00bb class=\u00a0\u00bb\u00a0\u00bb unprefixed_class=\u00a0\u00bb\u00a0\u00bb] Acc\u00e8s aux prestations d&rsquo;assurance emploi en cas de maladie<\/a><\/li>\n<li><a href=\"https:\/\/pafso.com\/wp-content\/uploads\/2017\/07\/PresentationDuneDemandePourPerteTemporaireDesPrestationsEtCreditsGouvernementaux.pdf\" target=\"_blank\" rel=\"noopener\">[icon name=\u00a0\u00bbfile-pdf-o\u00a0\u00bb class=\u00a0\u00bb\u00a0\u00bb unprefixed_class=\u00a0\u00bb\u00a0\u00bb] Prestation d&rsquo;une demande pour perte temporaire des prestations et cr\u00e9dits gouvernementaux<\/a><\/li>\n<\/ul>\n","protected":false},"excerpt":{"rendered":"<p>Le Conseil du Tr\u00e9sor du Canada vient de publier de nouveaux renseignements visant \u00e0 vous informer : d&rsquo;une modification r\u00e9cente de la Directive sur les conditions d\u2019emploi\u00a0: ces changements ont \u00e9t\u00e9 apport\u00e9s pour diminuer les difficult\u00e9s financi\u00e8res potentielles li\u00e9es \u00e0 la mise en \u0153uvre du syst\u00e8me Ph\u00e9nix pour les employ\u00e9s qui d\u00e9butent les prestations d&rsquo;assurance-invalidit\u00e9, [&hellip;]<\/p>\n","protected":false},"author":1,"featured_media":0,"comment_status":"closed","ping_status":"closed","sticky":false,"template":"","format":"standard","meta":{"_acf_changed":false,"_seopress_robots_primary_cat":"","_seopress_titles_title":"","_seopress_titles_desc":"","_seopress_robots_index":"","footnotes":""},"categories":[31],"tags":[],"class_list":["post-4060","post","type-post","status-publish","format-standard","hentry","category-non-classifiee"],"acf":[],"_links":{"self":[{"href":"https:\/\/pafso.com\/fr\/wp-json\/wp\/v2\/posts\/4060","targetHints":{"allow":["GET"]}}],"collection":[{"href":"https:\/\/pafso.com\/fr\/wp-json\/wp\/v2\/posts"}],"about":[{"href":"https:\/\/pafso.com\/fr\/wp-json\/wp\/v2\/types\/post"}],"author":[{"embeddable":true,"href":"https:\/\/pafso.com\/fr\/wp-json\/wp\/v2\/users\/1"}],"replies":[{"embeddable":true,"href":"https:\/\/pafso.com\/fr\/wp-json\/wp\/v2\/comments?post=4060"}],"version-history":[{"count":1,"href":"https:\/\/pafso.com\/fr\/wp-json\/wp\/v2\/posts\/4060\/revisions"}],"predecessor-version":[{"id":4479,"href":"https:\/\/pafso.com\/fr\/wp-json\/wp\/v2\/posts\/4060\/revisions\/4479"}],"wp:attachment":[{"href":"https:\/\/pafso.com\/fr\/wp-json\/wp\/v2\/media?parent=4060"}],"wp:term":[{"taxonomy":"category","embeddable":true,"href":"https:\/\/pafso.com\/fr\/wp-json\/wp\/v2\/categories?post=4060"},{"taxonomy":"post_tag","embeddable":true,"href":"https:\/\/pafso.com\/fr\/wp-json\/wp\/v2\/tags?post=4060"}],"curies":[{"name":"wp","href":"https:\/\/api.w.org\/{rel}","templated":true}]}}