{"id":4058,"date":"2017-07-05T19:13:51","date_gmt":"2017-07-05T19:13:51","guid":{"rendered":"https:\/\/pafso.aponiawebsolutions.ca\/non-classifiee\/lassociation-professionnelle-des-agents-du-service-exterieur-lapase-dans-une-impasse\/"},"modified":"2023-08-23T20:24:27","modified_gmt":"2023-08-23T20:24:27","slug":"lassociation-professionnelle-des-agents-du-service-exterieur-lapase-dans-une-impasse","status":"publish","type":"post","link":"https:\/\/pafso.com\/fr\/non-classifiee\/lassociation-professionnelle-des-agents-du-service-exterieur-lapase-dans-une-impasse\/","title":{"rendered":"L\u2019Association professionnelle des agents du Service ext\u00e9rieur (l\u2019APASE) dans une impasse"},"content":{"rendered":"<p>Apr\u00e8s presque trois ans de n\u00e9gociations, l\u2019Association professionnelle des agents du Service ext\u00e9rieur (l\u2019APASE) a d\u00e9clar\u00e9 qu\u2019elle en est arriv\u00e9e \u00e0 une impasse dans le processus de n\u00e9gociation collective avec le Secr\u00e9tariat du Conseil du Tr\u00e9sor. Aujourd\u2019hui, l\u2019Association a demand\u00e9 l\u2019arbitrage pour r\u00e9gler le diff\u00e9rend.<\/p>\n<p>La plus r\u00e9cente offre de l\u2019Employeur n\u2019\u00e9tait gu\u00e8re meilleure que celle qu\u2019il avait pr\u00e9sent\u00e9e en mars 2017. M\u00eame si elle comportait des augmentations \u00e9conomiques g\u00e9n\u00e9rales semblables, elle \u00e9tait en-de\u00e7\u00e0 des ajustements salariaux additionnels offerts aux autres agents n\u00e9gociateurs au cours de la m\u00eame ronde de n\u00e9gociations.<\/p>\n<p>Les salaires, toutefois, ne sont pas le seul point en litige.<\/p>\n<p>L\u2019Employeur \u00e9tait dispos\u00e9 \u00e0 offrir \u00e0 l\u2019APASE les m\u00eames modifications aux conditions g\u00e9n\u00e9rales d\u2019emploi que celles qu\u2019il a offertes aux autres agents n\u00e9gociateurs, mais pas \u00e0 accepter les revendications de l\u2019APASE propres au groupe FS.<\/p>\n<p>Ces revendications sont notamment :<\/p>\n<ul>\n<li>une disposition visant \u00e0 prot\u00e9ger le travail FS et \u00e0 garantir officiellement que les agents du service ext\u00e9rieur aient pr\u00e9s\u00e9ance pour les affectations FS \u00e0 l\u2019\u00e9tranger;<\/li>\n<li>une disposition pr\u00e9voyant le partage d\u2019information, qui permettrait \u00e0 l\u2019APASE d\u2019avoir un registre de tous les fonctionnaires dans des postes FS et des FS dans des affectations temporaires hors du groupe FS;<\/li>\n<li>de nouvelles dispositions qui soutiendraient les agents du service ext\u00e9rieur souffrant de troubles de stress post-traumatique (TSPT) et les prot\u00e9geraient contre la discrimination au travail li\u00e9e \u00e0 leur \u00e9tat;<\/li>\n<li>une disposition pr\u00e9voyant le remboursement des droits d\u2019adh\u00e9sion professionnels pertinents \u00e0 la profession d\u2019agent du service ext\u00e9rieur;<\/li>\n<li>une disposition pr\u00e9voyant un ajustement sp\u00e9cial de r\u00e9mun\u00e9ration pour les avocats FS travaillant \u00e0 la Direction g\u00e9n\u00e9rale des services juridiques d\u2019Affaires mondiales Canada; et<\/li>\n<li>l\u2019implantation d\u2019une indemnit\u00e9 de langue \u00e9trang\u00e8re pour les agents du service ext\u00e9rieur affect\u00e9s dans des missions o\u00f9 ni l\u2019une ni l\u2019autre des langues officielles du Canada n\u2019est la langue pr\u00e9dominante et o\u00f9 les agents doivent travailler dans une langue \u00e9trang\u00e8re.<\/li>\n<\/ul>\n<p>L\u2019APASE a demand\u00e9 la constitution d\u2019un tribunal compos\u00e9 de trois arbitres. L\u2019Association a bon espoir que l\u2019audience d\u2019arbitrage sur le bien-fond\u00e9 des points en litige soumis par les deux parties aura lieu en septembre et elle s\u2019attend \u00e0 ce qu\u2019une d\u00e9cision soit rendue peu de temps apr\u00e8s.<\/p>\n","protected":false},"excerpt":{"rendered":"<p>Apr\u00e8s presque trois ans de n\u00e9gociations, l\u2019Association professionnelle des agents du Service ext\u00e9rieur (l\u2019APASE) a d\u00e9clar\u00e9 qu\u2019elle en est arriv\u00e9e \u00e0 une impasse dans le processus de n\u00e9gociation collective avec le Secr\u00e9tariat du Conseil du Tr\u00e9sor. Aujourd\u2019hui, l\u2019Association a demand\u00e9 l\u2019arbitrage pour r\u00e9gler le diff\u00e9rend. La plus r\u00e9cente offre de l\u2019Employeur n\u2019\u00e9tait gu\u00e8re meilleure que [&hellip;]<\/p>\n","protected":false},"author":1,"featured_media":0,"comment_status":"closed","ping_status":"closed","sticky":false,"template":"","format":"standard","meta":{"_acf_changed":false,"_seopress_robots_primary_cat":"","_seopress_titles_title":"","_seopress_titles_desc":"","_seopress_robots_index":"","footnotes":""},"categories":[31],"tags":[],"class_list":["post-4058","post","type-post","status-publish","format-standard","hentry","category-non-classifiee"],"acf":[],"_links":{"self":[{"href":"https:\/\/pafso.com\/fr\/wp-json\/wp\/v2\/posts\/4058","targetHints":{"allow":["GET"]}}],"collection":[{"href":"https:\/\/pafso.com\/fr\/wp-json\/wp\/v2\/posts"}],"about":[{"href":"https:\/\/pafso.com\/fr\/wp-json\/wp\/v2\/types\/post"}],"author":[{"embeddable":true,"href":"https:\/\/pafso.com\/fr\/wp-json\/wp\/v2\/users\/1"}],"replies":[{"embeddable":true,"href":"https:\/\/pafso.com\/fr\/wp-json\/wp\/v2\/comments?post=4058"}],"version-history":[{"count":1,"href":"https:\/\/pafso.com\/fr\/wp-json\/wp\/v2\/posts\/4058\/revisions"}],"predecessor-version":[{"id":4480,"href":"https:\/\/pafso.com\/fr\/wp-json\/wp\/v2\/posts\/4058\/revisions\/4480"}],"wp:attachment":[{"href":"https:\/\/pafso.com\/fr\/wp-json\/wp\/v2\/media?parent=4058"}],"wp:term":[{"taxonomy":"category","embeddable":true,"href":"https:\/\/pafso.com\/fr\/wp-json\/wp\/v2\/categories?post=4058"},{"taxonomy":"post_tag","embeddable":true,"href":"https:\/\/pafso.com\/fr\/wp-json\/wp\/v2\/tags?post=4058"}],"curies":[{"name":"wp","href":"https:\/\/api.w.org\/{rel}","templated":true}]}}