{"id":4057,"date":"2017-06-09T13:24:56","date_gmt":"2017-06-09T13:24:56","guid":{"rendered":"https:\/\/pafso.aponiawebsolutions.ca\/non-classifiee\/les-laureats-des-prix-des-agents-du-service-exterieur-canadien-de-lapase-pour-2017\/"},"modified":"2023-08-23T20:24:28","modified_gmt":"2023-08-23T20:24:28","slug":"les-laureats-des-prix-des-agents-du-service-exterieur-canadien-de-lapase-pour-2017","status":"publish","type":"post","link":"https:\/\/pafso.com\/fr\/non-classifiee\/les-laureats-des-prix-des-agents-du-service-exterieur-canadien-de-lapase-pour-2017\/","title":{"rendered":"Les laur\u00e9ats des Prix des agents du service ext\u00e9rieur canadien de l\u2019APASE pour 2017"},"content":{"rendered":"<p>L\u2019Association professionnelle des agents du Service ext\u00e9rieur (APASE)\u00a0 est heureuse d\u2019annoncer les laur\u00e9ats des Prix des agents du service ext\u00e9rieur canadien de l\u2019APASE pour 2017, pr\u00e9sent\u00e9s le 8\u00a0juin au Centre Shaw d\u2019Ottawa.<\/p>\n<p>\u00ab Depuis leur cr\u00e9ation en 1990, les Prix du Service ext\u00e9rieur canadien sont l\u2019occasion de c\u00e9l\u00e9brer le travail des diplomates du Canada \u00bb, a d\u00e9clar\u00e9 Michael Kologie, pr\u00e9sident de l\u2019APASE. \u00ab Ce soir, nous sommes de nouveau r\u00e9unis ici pour r\u00e9fl\u00e9chir aux d\u00e9fis, mais aussi aux gratifications, de cette profession sans pareille que nous avons choisie et pour souligner les accomplissements remarquables de nos coll\u00e8gues. Et, au moment o\u00f9 nous sommes sur le point de marquer le 150<sup>e<\/sup>\u00a0anniversaire de notre pays, le Service ext\u00e9rieur canadien est profond\u00e9ment engag\u00e9 \u00e0 tracer la voie pour l\u2019avenir du Canada dans le monde. \u00bb<\/p>\n<p>Les laur\u00e9ats des Prix des agents du service ext\u00e9rieur canadien de l\u2019APASE pour 2017 sont :<\/p>\n<h3><strong>TARA BICKIS<\/strong><\/h3>\n<p>\u00c0 son arriv\u00e9e \u00e0 Quito, \u00c9quateur, en 2013 \u00e0 titre d\u2019agente de gestion et d\u2019affaires consulaires, Tara Bickis a cern\u00e9 des dangers possibles, notamment des \u00e9ruptions volcaniques et des s\u00e9ismes. Elle a mis \u00e0 niveau l\u2019\u00e9tat de pr\u00e9paration aux situations d\u2019urgence de l\u2019ambassade, form\u00e9 le personnel et les personnes \u00e0 leur charge, pourvu les fournitures et le mat\u00e9riel d\u2019urgence et nou\u00e9 des liens solides avec les autorit\u00e9s \u00e9quatoriennes, les autres ambassades et, chose cruciale, la grande collectivit\u00e9 canadienne. Le 16 avril 2016, un s\u00e9isme d\u2019une ampleur de 7,8 a fait 676 morts et plus de 16 000 bless\u00e9s. tara et son agent des affaires consulaires sont arriv\u00e9s sur les lieux moins de 24 heures plus tard. Elle a visit\u00e9 la plupart des secteurs touch\u00e9s, localisant et aidant les Canadiens et Canadiennes \u00e0 communiquer avec leur parent\u00e9 inqui\u00e8te. Elle a offert de l\u2019assistance remplie de compassion aux familles canadiennes qui avaient perdu des proches. Tara a aussi \u00e9tabli un lien de m\u00e9dias sociaux avec les autres ambassades, qui a permis l\u2019\u00e9change rapide d\u2019information. Pour sa planification prospective digne d\u2019\u00e9loges et son rendement exceptionnel en r\u00e9action au s\u00e9isme de 2016, Tara Bickis se voit attribuer le Prix pour 2017.<strong>\u00a0<\/strong><\/p>\n<h3><strong>ANDIE DAPONTE<\/strong><\/h3>\n<p>Le Canada a fortement augment\u00e9 sa cible de r\u00e9fugi\u00e9s syriens en octobre 2015. Gr\u00e2ce \u00e0 sa connaissance sp\u00e9cialis\u00e9e des proc\u00e9dures turques et \u00e0 ses excellentes relations avec les hauts fonctionnaires, le gestionnaire de la Section des r\u00e9fugi\u00e9s, Andie DaPonte, a r\u00e9ussi \u00e0 \u0153uvrer dans des param\u00e8tres inconnus ailleurs dans la r\u00e9gion. Il a \u00e9labor\u00e9 un mod\u00e8le de traitement souple, informatis\u00e9, pour joindre les r\u00e9fugi\u00e9s dispers\u00e9s. En g\u00e9rant le processus de pr\u00e8s, il a dirig\u00e9 le programme de r\u00e9installation comme un maestro, une symphonie. Un m\u00e9lange de 25 000 r\u00e9fugi\u00e9s parrain\u00e9s par l\u2019\u00c9tat et le secteur priv\u00e9 sont arriv\u00e9s le 29 f\u00e9vrier 2016. Aujourd\u2019hui coordonnateur des r\u00e9fugi\u00e9s du Moyen-Orient, Andie a orchestr\u00e9 les efforts de quatre bureaux afin de relever le nouveau d\u00e9fi que posait l\u2019engagement du gouvernement d\u2019accueillir 25 000 r\u00e9fugi\u00e9s d\u2019ici d\u00e9cembre 2016. Les r\u00e8gles de sortie draconiennes impos\u00e9es \u00e0 la suite du coup d\u2019\u00c9tat rat\u00e9 ont compromis le programme. Andie a acc\u00e9l\u00e9r\u00e9 le traitement dans d\u2019autres pays et obtenu l\u2019engagement des autorit\u00e9s turques. Les cibles de traitement ont \u00e9t\u00e9 d\u00e9pass\u00e9es et les contr\u00f4les turcs, facilit\u00e9s. Pour apaiser l\u2019inqui\u00e9tude du Canada concernant les survivants y\u00e9zidis, Andr\u00e9 a cr\u00e9\u00e9 \u00e0 Erbil un syst\u00e8me qui en a permis l\u2019extraction de 1200 \u00e0 la fin de l\u2019ann\u00e9e. Pour sa contribution exceptionnelle \u00e0 l\u2019accueil d\u2019un nombre sans pr\u00e9c\u00e9dent de r\u00e9fugi\u00e9s dans une ann\u00e9e (46 300), Andie DaPonte se voit attribuer le Prix pour 2017.<\/p>\n<h3><strong>MARY PIERRE-WADE<\/strong><\/h3>\n<p>\u00c0 notre mission \u00e0 l\u2019OTAN, Mary Pierre-Wade pilote le programme Les femmes, la paix et la s\u00e9curit\u00e9 (FPS) du Canada afin de garantir que la participation des femmes et les droits des femmes et des jeunes filles soient refl\u00e9t\u00e9s dans la politique de l\u2019OTAN. Elle a \u00e9t\u00e9 un puissant catalyseur dans l\u2019examen par le Conseil de l\u2019Atlantique Nord de la mise en \u0153uvre par l\u2019OTAN du plan d\u2019action de la r\u00e9solution no 1325 du Conseil de s\u00e9curit\u00e9 de l\u2019ONU, cernant les progr\u00e8s et les lacunes dans la litt\u00e9ratie des sexes et la pr\u00e9sence des femmes dans des postes de leadership. Elle a collabor\u00e9 avec le Secr\u00e9tariat g\u00e9n\u00e9ral afin de maximiser l\u2019impact de l\u2019examen, ce qui a entra\u00een\u00e9 des efforts renouvel\u00e9s en vue de tenir compte de l\u2019\u00e9galit\u00e9 des sexes dans le d\u00e9veloppement des ressources humaines et l\u2019int\u00e9gration des perspectives relatives \u00e0 l\u2019\u00e9galit\u00e9 des sexes dans l\u2019\u00e9laboration de politiques et l\u2019analyse de renseignements. Mary a organis\u00e9 des rencontres du Groupe des amis de la r\u00e9solution no 1325 en vue de sensibiliser aux effets diff\u00e9rentiels des conflits sur les femmes et les jeunes filles, notamment le recours \u00e0 la violence sexuelle comme tactique de guerre, et elle a dirig\u00e9 des activit\u00e9s dans les m\u00e9dias sociaux concernant le programme Les femmes, la paix et la s\u00e9curit\u00e9. Pour son appui soutenu au programme Les femmes, la paix et la s\u00e9curit\u00e9 du Canada, Mary Pierre-Wade se voit attribuer le Prix pour 2017.<\/p>\n<h3><strong>DAVID WEINER<\/strong><\/h3>\n<p>Le d\u00e9l\u00e9gu\u00e9 commercial David Weiner a valu au Canada des r\u00e9ussites commerciales exceptionnelles.<\/p>\n<p>\u00c0 D\u00e9troit, il a relanc\u00e9 la Canada US Business Association, une voix forte pour le commerce transfrontalier. Il a r\u00e9cidiv\u00e9 \u00e0 Dallas, en \u00e9tablissant la Canada-Texas Chamber of Commerce. Les entreprises canadiennes appellent ses r\u00e9alisations le \u00ab Texas Turnaround \u00bb. Lorsqu\u2019il a appris que la soci\u00e9t\u00e9 Ford \u00e9largirait peut-\u00eatre son complexe de montage \u00e0 Oakville, David a organis\u00e9 une rencontre avec des ministres canadiens et le PDG de Ford et a pr\u00e9sent\u00e9 des fournisseurs canadiens de pi\u00e8ces d\u2019automobile au Centre mondial de R&#038;D de Ford. Ford a par la suite investi 716 millions de dollars, cr\u00e9ant 2800 emplois. L\u2019\u00e9quipe de David \u00e0 D\u00e9troit a desservi 50 investissements de ce genre. \u00c0 Dallas, David a jou\u00e9 un r\u00f4le crucial pour ce qui est de faciliter la d\u00e9cision de Bell Helicopter de produire le nouvel h\u00e9licopt\u00e8re Jet Ranger 505 \u00e0 Mirabel (Qu\u00e9bec), un investissement de 45 millions de dollars cr\u00e9ant 100 emplois. Sa comp\u00e9tence, son accessibilit\u00e9 et son d\u00e9vouement inspirent ses \u00e9quipes.Pour avoir fait grandement progresser les int\u00e9r\u00eats commerciaux du Canada, David Weiner, innovateur, leader et mentor, se voit attribuer le Prix pour 2017.<\/p>\n<p>\u00a0<\/p>\n<p>Le jury de s\u00e9lection de 2017 \u00e9tait compos\u00e9 de\u00a0: <strong>M. Serge April (pr\u00e9sident), M<sup>me<\/sup> Anne Arnott, M.\u00a0Yves Brodeur, D<sup>r <\/sup>Linda Duxbury et D<sup>r<\/sup> Roland Paris.<\/strong><\/p>\n","protected":false},"excerpt":{"rendered":"<p>L\u2019Association professionnelle des agents du Service ext\u00e9rieur (APASE)\u00a0 est heureuse d\u2019annoncer les laur\u00e9ats des Prix des agents du service ext\u00e9rieur canadien de l\u2019APASE pour 2017, pr\u00e9sent\u00e9s le 8\u00a0juin au Centre Shaw d\u2019Ottawa. \u00ab Depuis leur cr\u00e9ation en 1990, les Prix du Service ext\u00e9rieur canadien sont l\u2019occasion de c\u00e9l\u00e9brer le travail des diplomates du Canada \u00bb, [&hellip;]<\/p>\n","protected":false},"author":1,"featured_media":0,"comment_status":"closed","ping_status":"closed","sticky":false,"template":"","format":"standard","meta":{"_acf_changed":false,"_seopress_robots_primary_cat":"","_seopress_titles_title":"","_seopress_titles_desc":"","_seopress_robots_index":"","footnotes":""},"categories":[31],"tags":[],"class_list":["post-4057","post","type-post","status-publish","format-standard","hentry","category-non-classifiee"],"acf":[],"_links":{"self":[{"href":"https:\/\/pafso.com\/fr\/wp-json\/wp\/v2\/posts\/4057","targetHints":{"allow":["GET"]}}],"collection":[{"href":"https:\/\/pafso.com\/fr\/wp-json\/wp\/v2\/posts"}],"about":[{"href":"https:\/\/pafso.com\/fr\/wp-json\/wp\/v2\/types\/post"}],"author":[{"embeddable":true,"href":"https:\/\/pafso.com\/fr\/wp-json\/wp\/v2\/users\/1"}],"replies":[{"embeddable":true,"href":"https:\/\/pafso.com\/fr\/wp-json\/wp\/v2\/comments?post=4057"}],"version-history":[{"count":1,"href":"https:\/\/pafso.com\/fr\/wp-json\/wp\/v2\/posts\/4057\/revisions"}],"predecessor-version":[{"id":4481,"href":"https:\/\/pafso.com\/fr\/wp-json\/wp\/v2\/posts\/4057\/revisions\/4481"}],"wp:attachment":[{"href":"https:\/\/pafso.com\/fr\/wp-json\/wp\/v2\/media?parent=4057"}],"wp:term":[{"taxonomy":"category","embeddable":true,"href":"https:\/\/pafso.com\/fr\/wp-json\/wp\/v2\/categories?post=4057"},{"taxonomy":"post_tag","embeddable":true,"href":"https:\/\/pafso.com\/fr\/wp-json\/wp\/v2\/tags?post=4057"}],"curies":[{"name":"wp","href":"https:\/\/api.w.org\/{rel}","templated":true}]}}