{"id":4054,"date":"2017-04-28T16:24:13","date_gmt":"2017-04-28T16:24:13","guid":{"rendered":"https:\/\/pafso.aponiawebsolutions.ca\/non-classifiee\/les-syndicats-de-la-fonction-publique-federale-reagissent-avec-prudence-lannonce-du-groupe-de-travail-sur-phenix\/"},"modified":"2023-08-23T20:24:28","modified_gmt":"2023-08-23T20:24:28","slug":"les-syndicats-de-la-fonction-publique-federale-reagissent-avec-prudence-lannonce-du-groupe-de-travail-sur-phenix","status":"publish","type":"post","link":"https:\/\/pafso.com\/fr\/non-classifiee\/les-syndicats-de-la-fonction-publique-federale-reagissent-avec-prudence-lannonce-du-groupe-de-travail-sur-phenix\/","title":{"rendered":"Les syndicats de la fonction publique f\u00e9d\u00e9rale r\u00e9agissent avec prudence \u00e0 l\u2019annonce du groupe de travail sur Ph\u00e9nix"},"content":{"rendered":"<p>Des repr\u00e9sentants de plusieurs syndicats de la fonction publique f\u00e9d\u00e9rale ont r\u00e9agi avec prudence \u00e0 l\u2019annonce hier de la cr\u00e9ation d\u2019un groupe de travail gouvernemental afin de r\u00e9gler les probl\u00e8mes du syst\u00e8me de paye Ph\u00e9nix.<\/p>\n<p>Le \u00ab\u00a0Groupe de travail des ministres charg\u00e9s d&rsquo;atteindre la stabilit\u00e9 du syst\u00e8me de paye\u00a0\u00bb, sera pr\u00e9sid\u00e9 par Ralph Goodale, ministre de la S\u00e9curit\u00e9 publique et de la Protection civile et comprend plusieurs ministres, dont ceux des Finances, du Conseil du Tr\u00e9sor et des Services publics.<\/p>\n<p>La pr\u00e9sidente de l\u2019Alliance de la Fonction publique du Canada, Robyn Benson, a indiqu\u00e9 que \u00ab\u00a0l\u2019APFC salue toute annonce du gouvernement qui vise \u00e0 r\u00e9parer Ph\u00e9nix. Nous constatons que le gouvernement prend finalement ces probl\u00e8mes au s\u00e9rieux, mais nous avons besoin de voir des gestes concrets.\u00a0\u00bb Elle a ajout\u00e9 que les fonctionnaires ont besoin d\u2019un syst\u00e8me qui les paient, les paient \u00e0 temps et qui verse toutes les sommes dues. \u00ab\u00a0Nous attendons encore un \u00e9ch\u00e9ancier qui pr\u00e9voira ceci.\u00a0\u00bb<\/p>\n<p>\u00ab\u00a0Cette annonce est le r\u00e9sultat d\u2019un lobbying constant des syndicats de la fonction publique au nom de leurs membres, a ajout\u00e9 Debi Daviau de l\u2019Institut professionnel de la fonction publique du Canada. Dans son dernier budget, le gouvernement f\u00e9d\u00e9ral n\u2019avait pas r\u00e9pondu \u00e0 notre demande de consacrer 75 millions de dollars pour r\u00e9gler Ph\u00e9nix. L\u2019annonce ne fait pas \u00e9tat d\u2019argent frais, mais les 70 $ millions par ann\u00e9e qui seront consacr\u00e9s \u00e0 Ph\u00e9nix au cours des deux prochaines ann\u00e9es sont bienvenus. On va s\u2019assurer que ces sommes sont bel et bien consacr\u00e9es \u00e0 r\u00e9parer Ph\u00e9nix.\u00a0\u00bb<\/p>\n<p>Des repr\u00e9sentants syndicaux vont travailler \u00e9troitement avec le groupe de travail minist\u00e9riel sur Ph\u00e9nix et vont rappeler au gouvernement qu\u2019il doit compenser les employ\u00e9s ayant souffert des rat\u00e9s de Ph\u00e9nix, et les compenser pour les int\u00e9r\u00eats perdus en raison des d\u00e9lais \u00e0 obtenir les sommes qui leur sont dues.<\/p>\n<p>Selon Andr\u00e9 Picotte, pr\u00e9sident par int\u00e9rim de l\u2019Association canadienne des employ\u00e9s professionnels, \u00ab\u00a0le fiasco de Ph\u00e9nix s\u2019explique par le mise en \u0153uvre d\u2019un plan qui n\u2019a pas tenu compte des int\u00e9r\u00eats des employ\u00e9s de la fonction publique. \u00bb<\/p>\n<p>De son c\u00f4t\u00e9, Jason Godin le pr\u00e9sident du Syndicat des agents correctionnels du Canada \u2013 CSN, a d\u00e9clar\u00e9\u00a0: \u00ab\u00a0Nous voulons accueillir l\u2019annonce positivement et croire que cette nouvelle tentative de r\u00e9parer Ph\u00e9nix sera la bonne, mais nous demeurons prudent. De nouveaux cas probl\u00e9matiques font surface \u00e0 toutes les deux semaines, alors il est difficile d\u2019afficher un grand enthousiasme \u00e0 ce moment.\u00a0\u00bb<\/p>\n<p>Finalement, les syndicats de la fonction publique vont \u00e9galement demander que le gouvernement s\u2019engage \u00e0 trois choses\u00a0: qu\u2019il embauche plus de personnel ayant plein acc\u00e8s \u00e0 Ph\u00e9nix afin de r\u00e9pondre aux requ\u00eates des employ\u00e9s; qu\u2019il embauche du personnel permanent, et non temporaire, dans les centres d\u2019appel, du personnel qui a la formation et les comp\u00e9tences pour aider les employ\u00e9s et; qu\u2019il garde les centres satellites de paye ouverts tant que tous les probl\u00e8mes de Ph\u00e9nix n\u2019auront pas \u00e9t\u00e9 r\u00e9gl\u00e9s.<\/p>\n","protected":false},"excerpt":{"rendered":"<p>Des repr\u00e9sentants de plusieurs syndicats de la fonction publique f\u00e9d\u00e9rale ont r\u00e9agi avec prudence \u00e0 l\u2019annonce hier de la cr\u00e9ation d\u2019un groupe de travail gouvernemental afin de r\u00e9gler les probl\u00e8mes du syst\u00e8me de paye Ph\u00e9nix. Le \u00ab\u00a0Groupe de travail des ministres charg\u00e9s d&rsquo;atteindre la stabilit\u00e9 du syst\u00e8me de paye\u00a0\u00bb, sera pr\u00e9sid\u00e9 par Ralph Goodale, ministre [&hellip;]<\/p>\n","protected":false},"author":1,"featured_media":0,"comment_status":"closed","ping_status":"closed","sticky":false,"template":"","format":"standard","meta":{"_acf_changed":false,"_seopress_robots_primary_cat":"","_seopress_titles_title":"","_seopress_titles_desc":"","_seopress_robots_index":"","footnotes":""},"categories":[31],"tags":[],"class_list":["post-4054","post","type-post","status-publish","format-standard","hentry","category-non-classifiee"],"acf":[],"_links":{"self":[{"href":"https:\/\/pafso.com\/fr\/wp-json\/wp\/v2\/posts\/4054","targetHints":{"allow":["GET"]}}],"collection":[{"href":"https:\/\/pafso.com\/fr\/wp-json\/wp\/v2\/posts"}],"about":[{"href":"https:\/\/pafso.com\/fr\/wp-json\/wp\/v2\/types\/post"}],"author":[{"embeddable":true,"href":"https:\/\/pafso.com\/fr\/wp-json\/wp\/v2\/users\/1"}],"replies":[{"embeddable":true,"href":"https:\/\/pafso.com\/fr\/wp-json\/wp\/v2\/comments?post=4054"}],"version-history":[{"count":1,"href":"https:\/\/pafso.com\/fr\/wp-json\/wp\/v2\/posts\/4054\/revisions"}],"predecessor-version":[{"id":4484,"href":"https:\/\/pafso.com\/fr\/wp-json\/wp\/v2\/posts\/4054\/revisions\/4484"}],"wp:attachment":[{"href":"https:\/\/pafso.com\/fr\/wp-json\/wp\/v2\/media?parent=4054"}],"wp:term":[{"taxonomy":"category","embeddable":true,"href":"https:\/\/pafso.com\/fr\/wp-json\/wp\/v2\/categories?post=4054"},{"taxonomy":"post_tag","embeddable":true,"href":"https:\/\/pafso.com\/fr\/wp-json\/wp\/v2\/tags?post=4054"}],"curies":[{"name":"wp","href":"https:\/\/api.w.org\/{rel}","templated":true}]}}