{"id":4051,"date":"2016-11-30T20:11:19","date_gmt":"2016-11-30T20:11:19","guid":{"rendered":"https:\/\/pafso.aponiawebsolutions.ca\/non-classifiee\/lancement-du-groupe-de-travail-conjoint-syndical-patronal-sur-la-diversite-et-linclusion\/"},"modified":"2023-08-23T20:24:29","modified_gmt":"2023-08-23T20:24:29","slug":"lancement-du-groupe-de-travail-conjoint-syndical-patronal-sur-la-diversite-et-linclusion","status":"publish","type":"post","link":"https:\/\/pafso.com\/fr\/non-classifiee\/lancement-du-groupe-de-travail-conjoint-syndical-patronal-sur-la-diversite-et-linclusion\/","title":{"rendered":"Lancement du Groupe de travail conjoint syndical-patronal sur la diversit\u00e9 et l\u2019inclusion"},"content":{"rendered":"<p>Aujourd&rsquo;hui, l&rsquo;APASE a particip\u00e9 au lancement du\u00a0<a href=\"http:\/\/www.tbs-sct.gc.ca\/psm-fpfm\/ve\/dee\/tfdi-gtdi\/index-fra.asp\" target=\"_blank\" rel=\"noopener\">Groupe de travail conjoint syndical-patronal sur la diversit\u00e9 et l\u2019inclusion<\/a>. L\u2019honorable Scott Brison, pr\u00e9sident du Conseil du Tr\u00e9sor, a assist\u00e9 au lancement du Groupe de travail, afin de rassembler les repr\u00e9sentants de l\u2019ensemble de la fonction publique et des syndicats du secteur public s\u2019int\u00e9ressant \u00e0 la mani\u00e8re de renforcer la diversit\u00e9 et l\u2019inclusion au gouvernement. Le Groupe de travail pr\u00e9sentera des recommandations visant \u00e0 appuyer le changement de culture \u00e0 long terme dans\u00a0l\u2019ensemble de la fonction publique.<\/p>\n<p><img fetchpriority=\"high\" decoding=\"async\" class=\"alignnone wp-image-3379\" src=\"http:\/\/pafso.com\/wp-content\/uploads\/2016\/12\/group-1-300x150.png\" alt=\"group-1\" width=\"500\" height=\"249\" \/><\/p>\n<p><img decoding=\"async\" class=\"alignnone wp-image-3378\" src=\"http:\/\/pafso.com\/wp-content\/uploads\/2016\/12\/group-2-300x225.png\" alt=\"group-2\" width=\"500\" height=\"375\" \/><\/p>\n","protected":false},"excerpt":{"rendered":"<p>Aujourd&rsquo;hui, l&rsquo;APASE a particip\u00e9 au lancement du\u00a0Groupe de travail conjoint syndical-patronal sur la diversit\u00e9 et l\u2019inclusion. L\u2019honorable Scott Brison, pr\u00e9sident du Conseil du Tr\u00e9sor, a assist\u00e9 au lancement du Groupe de travail, afin de rassembler les repr\u00e9sentants de l\u2019ensemble de la fonction publique et des syndicats du secteur public s\u2019int\u00e9ressant \u00e0 la mani\u00e8re de renforcer [&hellip;]<\/p>\n","protected":false},"author":1,"featured_media":0,"comment_status":"closed","ping_status":"closed","sticky":false,"template":"","format":"standard","meta":{"_acf_changed":false,"_seopress_robots_primary_cat":"","_seopress_titles_title":"","_seopress_titles_desc":"","_seopress_robots_index":"","footnotes":""},"categories":[31],"tags":[],"class_list":["post-4051","post","type-post","status-publish","format-standard","hentry","category-non-classifiee"],"acf":[],"_links":{"self":[{"href":"https:\/\/pafso.com\/fr\/wp-json\/wp\/v2\/posts\/4051","targetHints":{"allow":["GET"]}}],"collection":[{"href":"https:\/\/pafso.com\/fr\/wp-json\/wp\/v2\/posts"}],"about":[{"href":"https:\/\/pafso.com\/fr\/wp-json\/wp\/v2\/types\/post"}],"author":[{"embeddable":true,"href":"https:\/\/pafso.com\/fr\/wp-json\/wp\/v2\/users\/1"}],"replies":[{"embeddable":true,"href":"https:\/\/pafso.com\/fr\/wp-json\/wp\/v2\/comments?post=4051"}],"version-history":[{"count":1,"href":"https:\/\/pafso.com\/fr\/wp-json\/wp\/v2\/posts\/4051\/revisions"}],"predecessor-version":[{"id":4489,"href":"https:\/\/pafso.com\/fr\/wp-json\/wp\/v2\/posts\/4051\/revisions\/4489"}],"wp:attachment":[{"href":"https:\/\/pafso.com\/fr\/wp-json\/wp\/v2\/media?parent=4051"}],"wp:term":[{"taxonomy":"category","embeddable":true,"href":"https:\/\/pafso.com\/fr\/wp-json\/wp\/v2\/categories?post=4051"},{"taxonomy":"post_tag","embeddable":true,"href":"https:\/\/pafso.com\/fr\/wp-json\/wp\/v2\/tags?post=4051"}],"curies":[{"name":"wp","href":"https:\/\/api.w.org\/{rel}","templated":true}]}}