{"id":4048,"date":"2016-12-21T17:01:06","date_gmt":"2016-12-21T17:01:06","guid":{"rendered":"https:\/\/pafso.aponiawebsolutions.ca\/non-classifiee\/mot-du-president\/"},"modified":"2023-08-23T20:24:29","modified_gmt":"2023-08-23T20:24:29","slug":"mot-du-president","status":"publish","type":"post","link":"https:\/\/pafso.com\/fr\/mise-a-jour-de-la-presidente\/mot-du-president\/","title":{"rendered":"Mot du pr\u00e9sident"},"content":{"rendered":"<p>L\u2019Association professionnelle des agents du Service ext\u00e9rieur (l\u2019APASE) a \u00e9t\u00e9 constitu\u00e9e en 1965 afin de d\u00e9fendre les int\u00e9r\u00eats des agents du service ext\u00e9rieur canadien et de prot\u00e9ger les normes de la profession. Depuis, l\u2019APASE est aussi devenue une figure de proue, une experte dans le domaine et une championne du service ext\u00e9rieur du Canada.<\/p>\n<p>Les relations commerciales et bilat\u00e9rales du Canada avec les autres pays sont cruciales pour atteindre les objectifs de notre politique \u00e9trang\u00e8re en mati\u00e8re de prosp\u00e9rit\u00e9 \u00e9conomique, d\u2019immigration, de d\u00e9veloppement, de coop\u00e9ration, d\u2019assistance consulaire, de s\u00e9curit\u00e9, de d\u00e9mocratie et de droits de la personne. Nous croyons que la r\u00e9ussite du Canada sur la sc\u00e8ne mondiale d\u00e9pend fondamentalement d\u2019un service ext\u00e9rieur permutant de carri\u00e8re qui refl\u00e8te les valeurs et la diversit\u00e9 du Canada. C\u2019est pourquoi l\u2019APASE insiste fortement pour que le service ext\u00e9rieur dispose des ressources voulues afin de mettre en \u0153uvre les priorit\u00e9s du Canada \u00e0 l\u2019\u00e9tranger. Nous pr\u00e9conisons aussi le recrutement et la r\u00e9tention de talents suffisants pour maintenir un effectif efficace et efficient de diplomates canadiens.<\/p>\n<p>On ne s\u2019attend pas simplement \u00e0 ce que les agents du service ext\u00e9rieur travaillent des heures de bureau normales. \u00c0 vrai dire, il leur incombe de repr\u00e9senter le Canada \u00e0 l\u2019\u00e9tranger 24\/7. Notre carri\u00e8re rejoint de nombreux aspects de nos vies personnelles et de celles de nos familles. Les r\u00e9percussions se font particuli\u00e8rement sentir dans les pays dont les conditions sont dans une large mesure diff\u00e9rentes de celles qui existent au Canada. Des environnements de travail sains et s\u00e9curitaires pour les agents du service ext\u00e9rieur et leurs familles constituent une priorit\u00e9 pour l\u2019APASE. Nous accordons beaucoup d\u2019importance \u00e0 des enjeux comme la s\u00e9curit\u00e9 dans les r\u00e9gions port\u00e9es \u00e0 la violence, la qualit\u00e9 de l\u2019air int\u00e9rieur dans les villes lourdement pollu\u00e9es et l\u2019acc\u00e8s \u00e0 des soins m\u00e9dicaux et \u00e0 des \u00e9coles qui sont conformes aux normes canadiennes pour nos enfants.<\/p>\n<p>Je vous invite \u00e0 en apprendre davantage sur nos efforts et nos initiatives, notamment les Prix du service ext\u00e9rieur canadien et notre publication phare, <em>bout de papier<\/em>.<\/p>\n<p>Michael Kologie, pr\u00e9sident<br \/>\nAssociation professionnelle des agents du Service ext\u00e9rieur<\/p>\n","protected":false},"excerpt":{"rendered":"<p>L\u2019Association professionnelle des agents du Service ext\u00e9rieur (l\u2019APASE) a \u00e9t\u00e9 constitu\u00e9e en 1965 afin de d\u00e9fendre les int\u00e9r\u00eats des agents du service ext\u00e9rieur canadien et de prot\u00e9ger les normes de la profession. Depuis, l\u2019APASE est aussi devenue une figure de proue, une experte dans le domaine et une championne du service ext\u00e9rieur du Canada. Les [&hellip;]<\/p>\n","protected":false},"author":1,"featured_media":0,"comment_status":"open","ping_status":"open","sticky":false,"template":"","format":"standard","meta":{"_acf_changed":false,"_seopress_robots_primary_cat":"","_seopress_titles_title":"","_seopress_titles_desc":"","_seopress_robots_index":"","footnotes":""},"categories":[41],"tags":[],"class_list":["post-4048","post","type-post","status-publish","format-standard","hentry","category-mise-a-jour-de-la-presidente"],"acf":[],"_links":{"self":[{"href":"https:\/\/pafso.com\/fr\/wp-json\/wp\/v2\/posts\/4048","targetHints":{"allow":["GET"]}}],"collection":[{"href":"https:\/\/pafso.com\/fr\/wp-json\/wp\/v2\/posts"}],"about":[{"href":"https:\/\/pafso.com\/fr\/wp-json\/wp\/v2\/types\/post"}],"author":[{"embeddable":true,"href":"https:\/\/pafso.com\/fr\/wp-json\/wp\/v2\/users\/1"}],"replies":[{"embeddable":true,"href":"https:\/\/pafso.com\/fr\/wp-json\/wp\/v2\/comments?post=4048"}],"version-history":[{"count":1,"href":"https:\/\/pafso.com\/fr\/wp-json\/wp\/v2\/posts\/4048\/revisions"}],"predecessor-version":[{"id":4488,"href":"https:\/\/pafso.com\/fr\/wp-json\/wp\/v2\/posts\/4048\/revisions\/4488"}],"wp:attachment":[{"href":"https:\/\/pafso.com\/fr\/wp-json\/wp\/v2\/media?parent=4048"}],"wp:term":[{"taxonomy":"category","embeddable":true,"href":"https:\/\/pafso.com\/fr\/wp-json\/wp\/v2\/categories?post=4048"},{"taxonomy":"post_tag","embeddable":true,"href":"https:\/\/pafso.com\/fr\/wp-json\/wp\/v2\/tags?post=4048"}],"curies":[{"name":"wp","href":"https:\/\/api.w.org\/{rel}","templated":true}]}}