{"id":4034,"date":"2015-06-23T13:55:55","date_gmt":"2015-06-23T13:55:55","guid":{"rendered":"https:\/\/pafso.aponiawebsolutions.ca\/non-classifiee\/avis-assemblee-generale-annuelle-2015-et-appel-de-candidature-pour-lelection-du-comite-executif\/"},"modified":"2023-08-23T20:24:32","modified_gmt":"2023-08-23T20:24:32","slug":"avis-assemblee-generale-annuelle-2015-et-appel-de-candidature-pour-lelection-du-comite-executif","status":"publish","type":"post","link":"https:\/\/pafso.com\/fr\/non-classifiee\/avis-assemblee-generale-annuelle-2015-et-appel-de-candidature-pour-lelection-du-comite-executif\/","title":{"rendered":"Avis &#8211; Assembl\u00e9e g\u00e9n\u00e9rale annuelle 2015 et appel de candidature pour l&rsquo;\u00e9lection du comit\u00e9 ex\u00e9cutif"},"content":{"rendered":"<p>23 juin 2015<\/p>\n<p><a href=\"http:\/\/pafso.com\/wp-content\/uploads\/2015\/06\/NominationElectronic-FR2015.pdf\" target=\"_blank\" rel=\"noopener\">Lettre de mis en candidature formulaire 2015<\/a><\/p>\n<p style=\"text-align: center;\"><strong>\u00a0AVIS<\/strong><\/p>\n<p style=\"text-align: center;\"><strong>ASSEMBL\u00c9E G\u00c9N\u00c9RALE ANNUELLE<\/strong><br \/>\n<strong>DE L\u2019APASE<\/strong><br \/>\n<strong> FOYER SKELTON\/AUDITORIUM CADIEUX<\/strong><br \/>\n<strong>\u00c9DIFICE LESTER B. PEARSON<\/strong><br \/>\n<strong>LE MARDI 13 OCTOBRE 2015<\/strong><\/p>\n<p style=\"text-align: center;\"><strong>16 H<\/strong><\/p>\n<p>Une Assembl\u00e9e g\u00e9n\u00e9rale annuelle de l&rsquo;Association professionnelle des agents du Service ext\u00e9rieur se tiendra \u00e0 Ottawa le mardi 13 octobre 2015 conform\u00e9ment \u00e0 l&rsquo;article 11 de la Constitution de 1&rsquo;APASE.<\/p>\n<p>Sept postes au Comit\u00e9 ex\u00e9cutif de 1&rsquo;APASE ou plus \u00e9tant vacants d\u00fb \u00e0 la permutance, des \u00e9lections \u00e0 ces postes devront \u00eatre tenues en vertu de l&rsquo;article 7 de la Constitution.<\/p>\n<p>Toute mise en candidature \u00e0 l&rsquo;\u00e9lection au Comit\u00e9 ex\u00e9cutif devra \u00eatre soumise par \u00e9crit et appuy\u00e9e par au moins trois membres titulaires et devra parvenir au Secr\u00e9taire avant le 25 ao\u00fbt 2015. Les candidats doivent aussi faire parvenir au Secr\u00e9taire le\/ou avant la m\u00eame date, un bref descriptif, 150 mots maximum, d&rsquo;eux\u2011m\u00eames ainsi que de leurs buts et objectifs en tant que membres du Comit\u00e9 ex\u00e9cutif. Une fois le Comit\u00e9 ex\u00e9cutif assur\u00e9 que les candidats ainsi propos\u00e9s sont \u00e9ligibles et acceptent de faire partie du Comit\u00e9, un bulletin de vote \u00e9lectronique sera envoy\u00e9 \u00e0 tous les membres de l&rsquo;Association avant l&rsquo;Assembl\u00e9e.<\/p>\n<p>Les membres sont aussi pri\u00e9s de noter que, tel que stipul\u00e9 \u00e0 l&rsquo;article 6(c) de la Constitution \u00ab Dans la composition du Comit\u00e9 ex\u00e9cutif, on tiendra compte dans toute la mesure du possible des fili\u00e8res professionnelles et des niveaux du groupe FS. Le Comit\u00e9 ex\u00e9cutif devrait compter au moins trois (3) membres de chaque fili\u00e8re professionnelle et au moins un (1) membre de chaque niveau, sous r\u00e9serve du sous-alin\u00e9a 7 (b) (vi). \u00bb<\/p>\n<p>LE COMIT\u00c9 EX\u00c9CUTIF DE L&rsquo;APASE<\/p>\n<p>Le 23 juin 2015<\/p>\n","protected":false},"excerpt":{"rendered":"<p>23 juin 2015 Lettre de mis en candidature formulaire 2015 \u00a0AVIS ASSEMBL\u00c9E G\u00c9N\u00c9RALE ANNUELLE DE L\u2019APASE FOYER SKELTON\/AUDITORIUM CADIEUX \u00c9DIFICE LESTER B. PEARSON LE MARDI 13 OCTOBRE 2015 16 H Une Assembl\u00e9e g\u00e9n\u00e9rale annuelle de l&rsquo;Association professionnelle des agents du Service ext\u00e9rieur se tiendra \u00e0 Ottawa le mardi 13 octobre 2015 conform\u00e9ment \u00e0 l&rsquo;article 11 [&hellip;]<\/p>\n","protected":false},"author":1,"featured_media":0,"comment_status":"closed","ping_status":"closed","sticky":false,"template":"","format":"standard","meta":{"_acf_changed":false,"_seopress_robots_primary_cat":"","_seopress_titles_title":"","_seopress_titles_desc":"","_seopress_robots_index":"","footnotes":""},"categories":[31],"tags":[],"class_list":["post-4034","post","type-post","status-publish","format-standard","hentry","category-non-classifiee"],"acf":[],"_links":{"self":[{"href":"https:\/\/pafso.com\/fr\/wp-json\/wp\/v2\/posts\/4034","targetHints":{"allow":["GET"]}}],"collection":[{"href":"https:\/\/pafso.com\/fr\/wp-json\/wp\/v2\/posts"}],"about":[{"href":"https:\/\/pafso.com\/fr\/wp-json\/wp\/v2\/types\/post"}],"author":[{"embeddable":true,"href":"https:\/\/pafso.com\/fr\/wp-json\/wp\/v2\/users\/1"}],"replies":[{"embeddable":true,"href":"https:\/\/pafso.com\/fr\/wp-json\/wp\/v2\/comments?post=4034"}],"version-history":[{"count":1,"href":"https:\/\/pafso.com\/fr\/wp-json\/wp\/v2\/posts\/4034\/revisions"}],"predecessor-version":[{"id":4505,"href":"https:\/\/pafso.com\/fr\/wp-json\/wp\/v2\/posts\/4034\/revisions\/4505"}],"wp:attachment":[{"href":"https:\/\/pafso.com\/fr\/wp-json\/wp\/v2\/media?parent=4034"}],"wp:term":[{"taxonomy":"category","embeddable":true,"href":"https:\/\/pafso.com\/fr\/wp-json\/wp\/v2\/categories?post=4034"},{"taxonomy":"post_tag","embeddable":true,"href":"https:\/\/pafso.com\/fr\/wp-json\/wp\/v2\/tags?post=4034"}],"curies":[{"name":"wp","href":"https:\/\/api.w.org\/{rel}","templated":true}]}}