{"id":4013,"date":"2013-10-18T20:07:55","date_gmt":"2013-10-18T20:07:55","guid":{"rendered":"https:\/\/pafso.aponiawebsolutions.ca\/non-classifiee\/pafso-reacts-to-conclusion-of-canada-eu-comprehensive-economic-and-trade-agreement\/"},"modified":"2023-08-23T20:24:37","modified_gmt":"2023-08-23T20:24:37","slug":"pafso-reacts-to-conclusion-of-canada-eu-comprehensive-economic-and-trade-agreement","status":"publish","type":"post","link":"https:\/\/pafso.com\/fr\/non-classifiee\/pafso-reacts-to-conclusion-of-canada-eu-comprehensive-economic-and-trade-agreement\/","title":{"rendered":"L\u2019APASE r\u00e9agit \u00e0 la conclusion de l\u2019Accord \u00e9conomique et commercial global Canada \u2013 Union Europ\u00e9enne"},"content":{"rendered":"<p>L&rsquo;Association professionnelle des agents du Service ext\u00e9rieur (APASE) se f\u00e9licite de l&rsquo;annonce faite plus t\u00f4t aujourd&rsquo;hui \u00e0 propos de l\u2019entente de principe conclue entre le Canada et l\u2019Union Europ\u00e9enne sur un accord \u00e9conomique et commercial global (AECG).<\/p>\n<p>\u00ab Comme l\u2019a soulign\u00e9 le premier ministre Harper, il s&rsquo;agit d&rsquo;une victoire historique pour le Canada \u00bb, a d\u00e9clar\u00e9 le pr\u00e9sident APASE, M. Tim Edwards. \u00abLes diplomates canadiens sont extr\u00eamement heureux d&rsquo;avoir contribu\u00e9 \u00e0 l&rsquo;aboutissement du plus ambitieux accord de libre-\u00e9change de notre pays depuis l&rsquo;ALENA. \u00bb<\/p>\n<p>En \u00e9troite collaboration avec d&rsquo;autres professionnels de la fonction publique, les agents du Service ext\u00e9rieur ont contribu\u00e9 \u00e0 jeter les bases des n\u00e9gociations. Ils ont consult\u00e9 nos partenaires provinciaux et ceux du secteur priv\u00e9. Ils ont fait avancer les pourparlers et ont jou\u00e9 un r\u00f4le dans l&rsquo;\u00e9laboration du compromis final entre les deux parties qui a rendu l&rsquo;annonce d&rsquo;aujourd&rsquo;hui possible. L&rsquo;AECG \u00e9liminera les obstacles &#8211; y compris les tarifs et certaines r\u00e9glementations locales &#8211; qui ont limit\u00e9 la capacit\u00e9 des exportateurs canadiens de concourir sur un pied d&rsquo;\u00e9galit\u00e9 avec les entreprises europ\u00e9ennes dans le march\u00e9 imposant de $17 trillions qu\u2019est l\u2019Union Europ\u00e9enne.<\/p>\n<p>\u00ab Cet accord est une \u00e9tape d\u00e9cisive dans l&rsquo;histoire du Canada en tant que nation commer\u00e7ante \u00bb, a poursuivi M. Edwards. \u00ab Le Service ext\u00e9rieur est tr\u00e8s fier d&rsquo;avoir fait partie de l&rsquo;excellente \u00e9quipe de fonctionnaires qui a concr\u00e9tis\u00e9 cette importante priorit\u00e9 \u00e9conomique pour notre gouvernement. \u00bb<\/p>\n<p>Environ 450 des membres de l&rsquo;APASE sont des d\u00e9l\u00e9gu\u00e9s commerciaux que l\u2019on retrouve en poste \u00e0 Ottawa, dans cinq bureaux r\u00e9gionaux \u00e0 travers le Canada et dans plus de 170 missions \u00e0 l&rsquo;\u00e9tranger. Ces agents aident les exportateurs et investisseurs canadiens \u00e0 percer sur les march\u00e9s internationaux. Ceci comprend l&rsquo;identification des occasions d\u2019affaires sur les march\u00e9s \u00e9trangers, l&rsquo;am\u00e9lioration de l&rsquo;acc\u00e8s aux march\u00e9s pour les produits et services canadiens, du soutien pour la r\u00e9solution de probl\u00e8mes \u00e0 l\u2019\u00e9tranger et la n\u00e9gociation d&rsquo;accords commerciaux et d&rsquo;investissements.<\/p>\n<p>\u00ab Gr\u00e2ce \u00e0 leurs connaissances approfondies des conditions locales des march\u00e9s \u00e9trangers, leurs vastes r\u00e9seaux de contacts et des renseignements en temps r\u00e9el, les agents du Service ext\u00e9rieur du Canada fournissent le soutien dont les exportateurs canadiens ont besoin pour naviguer les march\u00e9s \u00e9trangers complexes \u00bb, a ajout\u00e9 M. Edwards. \u00abCette premi\u00e8re ligne du Canada \u00e0 l\u2019\u00e9tranger, arm\u00e9e de talent et d&rsquo;une expertise aiguis\u00e9e par des ann\u00e9es d&rsquo;exp\u00e9rience \u00e0 l\u2019\u00e9tranger et d\u2019une formation unique, continuera de veiller \u00e0 ce que les entreprises canadiennes demeurent parmi les plus comp\u00e9titives sur le march\u00e9 mondial. \u00bb<\/p>\n<p>Contact : <a href=\"mailto:media@pafso-apase.com\" target=\"_blank\" rel=\"noopener\">media@pafso-apase.com<\/a><\/p>\n<p>\u00a0<\/p>\n","protected":false},"excerpt":{"rendered":"<p>L&rsquo;Association professionnelle des agents du Service ext\u00e9rieur (APASE) se f\u00e9licite de l&rsquo;annonce faite plus t\u00f4t aujourd&rsquo;hui \u00e0 propos de l\u2019entente de principe conclue entre le Canada et l\u2019Union Europ\u00e9enne sur un accord \u00e9conomique et commercial global (AECG). \u00ab Comme l\u2019a soulign\u00e9 le premier ministre Harper, il s&rsquo;agit d&rsquo;une victoire historique pour le Canada \u00bb, a [&hellip;]<\/p>\n","protected":false},"author":1,"featured_media":0,"comment_status":"closed","ping_status":"closed","sticky":false,"template":"","format":"standard","meta":{"_acf_changed":false,"_seopress_robots_primary_cat":"","_seopress_titles_title":"","_seopress_titles_desc":"","_seopress_robots_index":"","footnotes":""},"categories":[31],"tags":[],"class_list":["post-4013","post","type-post","status-publish","format-standard","hentry","category-non-classifiee"],"acf":[],"_links":{"self":[{"href":"https:\/\/pafso.com\/fr\/wp-json\/wp\/v2\/posts\/4013","targetHints":{"allow":["GET"]}}],"collection":[{"href":"https:\/\/pafso.com\/fr\/wp-json\/wp\/v2\/posts"}],"about":[{"href":"https:\/\/pafso.com\/fr\/wp-json\/wp\/v2\/types\/post"}],"author":[{"embeddable":true,"href":"https:\/\/pafso.com\/fr\/wp-json\/wp\/v2\/users\/1"}],"replies":[{"embeddable":true,"href":"https:\/\/pafso.com\/fr\/wp-json\/wp\/v2\/comments?post=4013"}],"version-history":[{"count":1,"href":"https:\/\/pafso.com\/fr\/wp-json\/wp\/v2\/posts\/4013\/revisions"}],"predecessor-version":[{"id":4526,"href":"https:\/\/pafso.com\/fr\/wp-json\/wp\/v2\/posts\/4013\/revisions\/4526"}],"wp:attachment":[{"href":"https:\/\/pafso.com\/fr\/wp-json\/wp\/v2\/media?parent=4013"}],"wp:term":[{"taxonomy":"category","embeddable":true,"href":"https:\/\/pafso.com\/fr\/wp-json\/wp\/v2\/categories?post=4013"},{"taxonomy":"post_tag","embeddable":true,"href":"https:\/\/pafso.com\/fr\/wp-json\/wp\/v2\/tags?post=4013"}],"curies":[{"name":"wp","href":"https:\/\/api.w.org\/{rel}","templated":true}]}}