{"id":4003,"date":"2013-08-20T19:36:50","date_gmt":"2013-08-20T19:36:50","guid":{"rendered":"https:\/\/pafso.aponiawebsolutions.ca\/non-classifiee\/grand-rassemblement-des-agents-du-service-exterieur-du-canada-au-siege-de-cic-au-centre-ville-dottawa\/"},"modified":"2023-08-23T20:24:38","modified_gmt":"2023-08-23T20:24:38","slug":"grand-rassemblement-des-agents-du-service-exterieur-du-canada-au-siege-de-cic-au-centre-ville-dottawa","status":"publish","type":"post","link":"https:\/\/pafso.com\/fr\/non-classifiee\/grand-rassemblement-des-agents-du-service-exterieur-du-canada-au-siege-de-cic-au-centre-ville-dottawa\/","title":{"rendered":"Grand rassemblement des agents du Service ext\u00e9rieur du Canada au si\u00e8ge de CIC au centre-ville d&rsquo;Ottawa"},"content":{"rendered":"<p>\u00c0 la veille des audiences de la Commission des relations de travail dans la Fonction publique (CRTFP), o\u00f9 le gouvernement est accus\u00e9 de n\u00e9gocier de mauvaise-foi, les membres de l&rsquo;Association professionnelle des agents du Service ext\u00e9rieur (APASE) tiendront un grand rassemblement, mardi le 20 ao\u00fbt de 11 :30 \u00e0 13 :00, devant le si\u00e8ge du minist\u00e8re de la Citoyennet\u00e9 et de l&rsquo;Immigration, au 365, avenue Laurier \u00e0 Ottawa.<\/p>\n<p>En parall\u00e8le, les agents du Service ext\u00e9rieur \u00e0 travers le monde prendront part \u00e0 une campagne Twitter de 24 heures pour sensibiliser le public au travail quotidien des agents. La campagne #FSatwork illustrera l&rsquo;importance du service ext\u00e9rieur dans la sauvegarde de la s\u00e9curit\u00e9 nationale du Canada, la construction de son \u00e9conomie, l&rsquo;\u00e9laboration de sa diversit\u00e9 culturelle et de sa main-d&rsquo;\u0153uvre, ainsi que la protection et la promotion des valeurs qui sont ch\u00e8res au c\u0153ur des Canadiens.<\/p>\n<p>\u00abAujourd\u2019hui, ce piquet de gr\u00e8ve et cette campagne sur Twitter confirment que nos membres sont unis et d\u00e9termin\u00e9s dans la poursuite de l&rsquo;\u00e9quit\u00e9 salariale. Nous sommes tr\u00e8s fiers du travail que nous faisons au nom de tous les Canadiens et nous ne nous laisserons pas intimider par notre employeur\u00bb, a d\u00e9clar\u00e9 le pr\u00e9sident de l\u2019APASE, M. Tim Edwards. \u00abC&rsquo;est une question d&rsquo;\u00e9quit\u00e9 fondamentale: tous les Canadiens comprennent que lorsque deux employ\u00e9s effectuent le m\u00eame travail, dans des bureaux voisins de surcroit, ils devraient recevoir le m\u00eame salaire. Rien de plus, rien de moins.\u00bb.<\/p>\n<p>Suite \u00e0 l\u2019offre d\u2019arbitrage de l\u2019APASE, le gouvernement a cherch\u00e9 \u00e0 imposer des pr\u00e9conditions, sachant pertinemment que l\u2019APASE ne pourrait les accepter. C\u2019est cette man\u0153uvre qui a pouss\u00e9 l\u2019APASE \u00e0 d\u00e9poser une plainte de \u00ab mauvaise-foi \u00bb contre le gouvernement aupr\u00e8s de la CRTFP, le 31 juillet dernier. En manigan\u00e7ant pour pr\u00e9-d\u00e9terminer le r\u00e9sultat de l\u2019arbitrage, le gouvernement a contrevenu \u00e0 son obligation de n\u00e9gocier de bonne foi, conform\u00e9ment \u00e0 la Loi sur les relations de travail dans la fonction publique.<\/p>\n<p>\u00ab L\u2019APASE a d\u00e9ploy\u00e9 tous les efforts raisonnables pour r\u00e9gler ce diff\u00e9rend. Ce n\u2019est pas le cas du gouvernement, a rappel\u00e9 M. Edwards. \u00ab Force nous est de conclure que le Conseil du Tr\u00e9sor agit de mani\u00e8re pr\u00e9judiciable \u00e0 l\u2019\u00e9gard du Service ext\u00e9rieur du Canada. Nous demandons une intervention judiciaire afin d\u2019obliger le gouvernement \u00e0 n\u00e9gocier de bonne foi. \u00bb<\/p>\n<p>Les audiences de la CRTFP d\u00e9buteront le 21 ao\u00fbt \u00e0 9:30 \u00e0 l\u2019\u00e9difice CD Howe Building, 240, rue Sparks, Tour Ouest, 7e \u00e9tage et sont ouvertes au public et aux m\u00e9dias. La CRTFP est un tribunal quasi judiciaire ind\u00e9pendant charg\u00e9 d&rsquo;administrer les n\u00e9gociations collectives et l&rsquo;arbitrage de griefs dans la Fonction publique f\u00e9d\u00e9rale et au Parlement.<\/p>\n<p>Contact : <a href=\"mailto:media@pafso-apase.com\" target=\"_blank\" rel=\"noopener\">media@pafso-apase.com<\/a><\/p>\n","protected":false},"excerpt":{"rendered":"<p>\u00c0 la veille des audiences de la Commission des relations de travail dans la Fonction publique (CRTFP), o\u00f9 le gouvernement est accus\u00e9 de n\u00e9gocier de mauvaise-foi, les membres de l&rsquo;Association professionnelle des agents du Service ext\u00e9rieur (APASE) tiendront un grand rassemblement, mardi le 20 ao\u00fbt de 11 :30 \u00e0 13 :00, devant le si\u00e8ge du [&hellip;]<\/p>\n","protected":false},"author":1,"featured_media":0,"comment_status":"closed","ping_status":"closed","sticky":false,"template":"","format":"standard","meta":{"_acf_changed":false,"_seopress_robots_primary_cat":"","_seopress_titles_title":"","_seopress_titles_desc":"","_seopress_robots_index":"","footnotes":""},"categories":[31],"tags":[],"class_list":["post-4003","post","type-post","status-publish","format-standard","hentry","category-non-classifiee"],"acf":[],"_links":{"self":[{"href":"https:\/\/pafso.com\/fr\/wp-json\/wp\/v2\/posts\/4003","targetHints":{"allow":["GET"]}}],"collection":[{"href":"https:\/\/pafso.com\/fr\/wp-json\/wp\/v2\/posts"}],"about":[{"href":"https:\/\/pafso.com\/fr\/wp-json\/wp\/v2\/types\/post"}],"author":[{"embeddable":true,"href":"https:\/\/pafso.com\/fr\/wp-json\/wp\/v2\/users\/1"}],"replies":[{"embeddable":true,"href":"https:\/\/pafso.com\/fr\/wp-json\/wp\/v2\/comments?post=4003"}],"version-history":[{"count":1,"href":"https:\/\/pafso.com\/fr\/wp-json\/wp\/v2\/posts\/4003\/revisions"}],"predecessor-version":[{"id":4536,"href":"https:\/\/pafso.com\/fr\/wp-json\/wp\/v2\/posts\/4003\/revisions\/4536"}],"wp:attachment":[{"href":"https:\/\/pafso.com\/fr\/wp-json\/wp\/v2\/media?parent=4003"}],"wp:term":[{"taxonomy":"category","embeddable":true,"href":"https:\/\/pafso.com\/fr\/wp-json\/wp\/v2\/categories?post=4003"},{"taxonomy":"post_tag","embeddable":true,"href":"https:\/\/pafso.com\/fr\/wp-json\/wp\/v2\/tags?post=4003"}],"curies":[{"name":"wp","href":"https:\/\/api.w.org\/{rel}","templated":true}]}}