{"id":4001,"date":"2013-07-30T19:31:06","date_gmt":"2013-07-30T19:31:06","guid":{"rendered":"https:\/\/pafso.aponiawebsolutions.ca\/non-classifiee\/canadian-foreign-service-officers-to-picket-the-prime-ministers-office-to-protest-governments-rejection-of-binding-arbitration\/"},"modified":"2023-08-23T20:24:39","modified_gmt":"2023-08-23T20:24:39","slug":"canadian-foreign-service-officers-to-picket-the-prime-ministers-office-to-protest-governments-rejection-of-binding-arbitration","status":"publish","type":"post","link":"https:\/\/pafso.com\/fr\/non-classifiee\/canadian-foreign-service-officers-to-picket-the-prime-ministers-office-to-protest-governments-rejection-of-binding-arbitration\/","title":{"rendered":"Les agents du service ext\u00e9rieur canadien vont dresser un piquet devant le cabinet du Premier ministre pour protester contre le rejet de l\u2019arbitrage ex\u00e9cutoire par le gouvernement"},"content":{"rendered":"<p>30 juillet 2013<\/p>\n<p>Les agents du service ext\u00e9rieur canadien \u00e0 Ottawa qui en sont \u00e0 leur 18e semaine de moyens de pression tiendront un piquet massif devant le cabinet du Premier ministre (\u00e9difice Langevin) au 80, rue Wellington, le mardi 30 juillet de 11 h 30 \u00e0 13 h 30, pour exprimer leur profond d\u00e9sappointement \u00e0 la suite du refus du gouvernement de recourir \u00e0 l\u2019arbitrage ex\u00e9cutoire pour r\u00e9gler le conflit de travail.<\/p>\n<p>\u00ab L\u2019APASE a d\u00e9ploy\u00e9 tous les efforts raisonnables pour r\u00e9gler le litige, notamment en acceptant trois des six conditions pr\u00e9alables que le gouvernement cherchait \u00e0 imposer au processus de libre arbitrage \u00bb, a d\u00e9clar\u00e9 le pr\u00e9sident de l\u2019APASE, Tim Edwards. \u00ab Les autres conditions pr\u00e9alables du Conseil du Tr\u00e9sor \u00e9taient si paralysantes qu\u2019elles auraient pr\u00e9\u00e9tabli le r\u00e9sultat en faveur du gouvernement. Le rejet de l\u2019arbitrage par le ministre Clement, le 26 juillet, prouve qu\u2019un concours \u00e9quitable ne l\u2019int\u00e9resse pas. Il devrait \u00e0 pr\u00e9sent \u00eatre manifeste pour tous les Canadiens et Canadiennes que le gouvernement est le seul et unique responsable des incidences graves et croissantes de cette gr\u00e8ve sur les secteurs du tourisme, de l\u2019\u00e9ducation et de l\u2019agriculture. \u00bb<\/p>\n<p>Le service ext\u00e9rieur canadien est sans convention collective depuis juin 2011. L\u2019enjeu reste la demande de parit\u00e9 salariale de l\u2019APASE. Plus pr\u00e9cis\u00e9ment, le syndicat demande des rajustements salariaux qui aligneraient les taux de r\u00e9mun\u00e9ration des agents du service ext\u00e9rieur sur ceux des groupes professionnels comparables au sein de la fonction publique f\u00e9d\u00e9rale, notamment les avocats, les \u00e9conomistes, les analystes de politiques et les agents de commerce, qui ex\u00e9cutent le m\u00eame travail \u2013 souvent dans des bureaux avoisinants. \u00c0 l\u2019heure actuelle, les agents du service ext\u00e9rieur gagnent de 3 000 $ \u00e0 14 000 $ de moins par ann\u00e9e. Une des conditions pr\u00e9alables du ministre Clement consistait \u00e0 interdire \u00e0 l\u2019APASE de faire valoir ces arguments devant l\u2019arbitre.<\/p>\n<p>Au cours du dernier mois, le gouvernement a conclu des ententes de principe dans le cas de deux autres n\u00e9gociations collectives qui tra\u00eenaient en longueur et, hier, il est revenu \u00e0 la table de n\u00e9gociation dans un troisi\u00e8me cas. L\u2019APASE est l\u2019un des plus petits syndicats de fonctionnaires f\u00e9d\u00e9raux. La parit\u00e9 salariale pour nos membres ne co\u00fbterait que 4,2 millions de dollars \u2013 soit 1,5 % des incidences que cette gr\u00e8ve a sur le seul secteur du tourisme. L\u2019APASE ne peut faire autrement que de conclure que le gouvernement se comporte mal \u00e0 l\u2019\u00e9gard du service ext\u00e9rieur et qu\u2019il n\u00e9gocie ainsi de mauvaise foi.<\/p>\n<p>\u00ab Notre offre d\u2019arbitrage ex\u00e9cutoire vaut toujours, y compris avec les trois conditions pr\u00e9alables que nous avons accept\u00e9es \u00bb, a conclu M. Edwards.<\/p>\n<p>Pour de plus amples renseignements, veuillez communiquer avec : <a href=\"mailto:media@pafso-apase.com\" target=\"_blank\" rel=\"noopener\">media@pafso-apase.com<\/a><\/p>\n","protected":false},"excerpt":{"rendered":"<p>30 juillet 2013 Les agents du service ext\u00e9rieur canadien \u00e0 Ottawa qui en sont \u00e0 leur 18e semaine de moyens de pression tiendront un piquet massif devant le cabinet du Premier ministre (\u00e9difice Langevin) au 80, rue Wellington, le mardi 30 juillet de 11 h 30 \u00e0 13 h 30, pour exprimer leur profond d\u00e9sappointement [&hellip;]<\/p>\n","protected":false},"author":1,"featured_media":0,"comment_status":"closed","ping_status":"closed","sticky":false,"template":"","format":"standard","meta":{"_acf_changed":false,"_seopress_robots_primary_cat":"","_seopress_titles_title":"","_seopress_titles_desc":"","_seopress_robots_index":"","footnotes":""},"categories":[31],"tags":[],"class_list":["post-4001","post","type-post","status-publish","format-standard","hentry","category-non-classifiee"],"acf":[],"_links":{"self":[{"href":"https:\/\/pafso.com\/fr\/wp-json\/wp\/v2\/posts\/4001","targetHints":{"allow":["GET"]}}],"collection":[{"href":"https:\/\/pafso.com\/fr\/wp-json\/wp\/v2\/posts"}],"about":[{"href":"https:\/\/pafso.com\/fr\/wp-json\/wp\/v2\/types\/post"}],"author":[{"embeddable":true,"href":"https:\/\/pafso.com\/fr\/wp-json\/wp\/v2\/users\/1"}],"replies":[{"embeddable":true,"href":"https:\/\/pafso.com\/fr\/wp-json\/wp\/v2\/comments?post=4001"}],"version-history":[{"count":1,"href":"https:\/\/pafso.com\/fr\/wp-json\/wp\/v2\/posts\/4001\/revisions"}],"predecessor-version":[{"id":4538,"href":"https:\/\/pafso.com\/fr\/wp-json\/wp\/v2\/posts\/4001\/revisions\/4538"}],"wp:attachment":[{"href":"https:\/\/pafso.com\/fr\/wp-json\/wp\/v2\/media?parent=4001"}],"wp:term":[{"taxonomy":"category","embeddable":true,"href":"https:\/\/pafso.com\/fr\/wp-json\/wp\/v2\/categories?post=4001"},{"taxonomy":"post_tag","embeddable":true,"href":"https:\/\/pafso.com\/fr\/wp-json\/wp\/v2\/tags?post=4001"}],"curies":[{"name":"wp","href":"https:\/\/api.w.org\/{rel}","templated":true}]}}