{"id":3995,"date":"2013-06-25T17:45:00","date_gmt":"2013-06-25T17:45:00","guid":{"rendered":"https:\/\/pafso.aponiawebsolutions.ca\/non-classifiee\/lassociation-professionnelle-des-agents-du-service-exterieur-fera-du-piquetage-au-cabinet-du-premier-ministre\/"},"modified":"2023-08-23T20:24:40","modified_gmt":"2023-08-23T20:24:40","slug":"lassociation-professionnelle-des-agents-du-service-exterieur-fera-du-piquetage-au-cabinet-du-premier-ministre","status":"publish","type":"post","link":"https:\/\/pafso.com\/fr\/non-classifiee\/lassociation-professionnelle-des-agents-du-service-exterieur-fera-du-piquetage-au-cabinet-du-premier-ministre\/","title":{"rendered":"L\u2019Association professionnelle des agents du Service ext\u00e9rieur fera du piquetage au Cabinet du Premier Ministre"},"content":{"rendered":"<p>25 juin 2013<\/p>\n<p>Les membres de l\u2019Association professionnelle des agents du Service ext\u00e9rieur (l\u2019APASE) organisera une ligne de piquetage, mardi le 25 juin 2013, de 11 :30 \u00e0 13 :00, devant le Cabinet du Premier Ministre \u00e0 l&rsquo;\u00e9difice Langevin, sur la rue Wellington, entre Elgin et Metcalfe. M. Tim Edwards, pr\u00e9sident de l\u2019APASE sera sur place pour r\u00e9pondre aux questions des m\u00e9dias.<\/p>\n<p>\u00ab Ce piquetage vise \u00e0 rappeler au Premier Ministre notre profonde frustration avec l\u2019absence d\u2019engagement significatif de la part de son gouvernement lors des n\u00e9gociations de notre contrat \u00bb a indiqu\u00e9 M. Edwards. \u00ab Il en co\u00fbterait moins de 2.5% de la masse salariale du service ext\u00e9rieur pour r\u00e9soudre cette situation \u2013 ce qui repr\u00e9sente une petite fraction du co\u00fbt \u00e9conomique cr\u00e9\u00e9 \u00e0 date par le manque de flexibilit\u00e9 du gouvernement.\u00bb<\/p>\n<p>Le principal probl\u00e8me \u00e0 r\u00e9gler demeure la demande de l\u2019APASE pour qu\u2019\u00e0 travail \u00e9gal, ses membres re\u00e7oivent un salaire \u00e9gal. Plus pr\u00e9cis\u00e9ment, les agents du service ext\u00e9rieur font l\u2019objet d\u2019une s\u00e9rie d\u2019\u00e9carts salariaux injustes par rapport aux autres professionnels f\u00e9d\u00e9raux qui ex\u00e9cutent des t\u00e2ches similaires ou identiques, notamment les \u00e9conomistes, les agents de commerce, les analystes de politiques et les avocats. Les membres de l\u2019APASE sont sans contrat depuis 2011 \u2013 ceci, en d\u00e9pit de concessions importante \u00e0 deux demandes du gouvernement.<\/p>\n<p>L\u2019APASE continue donc ses moyens de pressions et certains de ses membres ont, cette semaine, retir\u00e9s leurs services dans les ambassades du Canada \u00e0 Tokyo, Hong Kong, Seoul, Jakarta, Bangkok et Washington. De plus, les agents du service ext\u00e9rieur de la fili\u00e8re immigration ont aussi retir\u00e9s sp\u00e9cifiquement leurs services dans nos missions \u00e0 Delhi, Chandigarh, Bogota et Sao Paolo.<\/p>\n<p>\u00ab Le refus du gouvernement de revoir son offre salarial pendant les derniers 20 mois nous a forc\u00e9 \u00e0 mettre en place des moyens de pression sans pr\u00e9c\u00e9dents en 46 ans d&rsquo;histoire de l&rsquo;APASE, \u00bb a ajout\u00e9 M. Edwards. Nous maintiendrons la pression jusqu\u2019\u00e0 ce que le gouvernement reconnaisse l\u2019immense valeur des agents du service ext\u00e9rieur et le d\u00e9vouement dont ils font preuve envers les Canadiens et leurs \u00e9lus.<\/p>\n<p>Vous pouvez consulter la lettre que M. Edwards a r\u00e9cemment envoy\u00e9e au Premier Ministre Harper ici (en anglais seulement) : <a href=\"http:\/\/www.huffingtonpost.ca\/tim-edwards\/canadian-diplomats-strike_b_3443420.html?utm_hp_ref=tw\" target=\"_blank\" rel=\"noopener\">http:\/\/www.huffingtonpost.ca\/tim-edwards\/canadian-diplomats-strike_b_3443420.html?utm_hp_ref=tw<\/a><\/p>\n<p>Contact: <a href=\"mailto:media@pafso-apase.com\" target=\"_blank\" rel=\"noopener\">media@pafso-apase.com<\/a><\/p>\n","protected":false},"excerpt":{"rendered":"<p>25 juin 2013 Les membres de l\u2019Association professionnelle des agents du Service ext\u00e9rieur (l\u2019APASE) organisera une ligne de piquetage, mardi le 25 juin 2013, de 11 :30 \u00e0 13 :00, devant le Cabinet du Premier Ministre \u00e0 l&rsquo;\u00e9difice Langevin, sur la rue Wellington, entre Elgin et Metcalfe. M. Tim Edwards, pr\u00e9sident de l\u2019APASE sera sur [&hellip;]<\/p>\n","protected":false},"author":1,"featured_media":0,"comment_status":"closed","ping_status":"closed","sticky":false,"template":"","format":"standard","meta":{"_acf_changed":false,"_seopress_robots_primary_cat":"","_seopress_titles_title":"","_seopress_titles_desc":"","_seopress_robots_index":"","footnotes":""},"categories":[31],"tags":[],"class_list":["post-3995","post","type-post","status-publish","format-standard","hentry","category-non-classifiee"],"acf":[],"_links":{"self":[{"href":"https:\/\/pafso.com\/fr\/wp-json\/wp\/v2\/posts\/3995","targetHints":{"allow":["GET"]}}],"collection":[{"href":"https:\/\/pafso.com\/fr\/wp-json\/wp\/v2\/posts"}],"about":[{"href":"https:\/\/pafso.com\/fr\/wp-json\/wp\/v2\/types\/post"}],"author":[{"embeddable":true,"href":"https:\/\/pafso.com\/fr\/wp-json\/wp\/v2\/users\/1"}],"replies":[{"embeddable":true,"href":"https:\/\/pafso.com\/fr\/wp-json\/wp\/v2\/comments?post=3995"}],"version-history":[{"count":1,"href":"https:\/\/pafso.com\/fr\/wp-json\/wp\/v2\/posts\/3995\/revisions"}],"predecessor-version":[{"id":4544,"href":"https:\/\/pafso.com\/fr\/wp-json\/wp\/v2\/posts\/3995\/revisions\/4544"}],"wp:attachment":[{"href":"https:\/\/pafso.com\/fr\/wp-json\/wp\/v2\/media?parent=3995"}],"wp:term":[{"taxonomy":"category","embeddable":true,"href":"https:\/\/pafso.com\/fr\/wp-json\/wp\/v2\/categories?post=3995"},{"taxonomy":"post_tag","embeddable":true,"href":"https:\/\/pafso.com\/fr\/wp-json\/wp\/v2\/tags?post=3995"}],"curies":[{"name":"wp","href":"https:\/\/api.w.org\/{rel}","templated":true}]}}