{"id":3989,"date":"2013-04-16T17:15:18","date_gmt":"2013-04-16T17:15:18","guid":{"rendered":"https:\/\/pafso.aponiawebsolutions.ca\/non-classifiee\/canadian-diplomats-in-boston-suspend-job-action\/"},"modified":"2023-08-23T20:24:41","modified_gmt":"2023-08-23T20:24:41","slug":"canadian-diplomats-in-boston-suspend-job-action","status":"publish","type":"post","link":"https:\/\/pafso.com\/fr\/non-classifiee\/canadian-diplomats-in-boston-suspend-job-action\/","title":{"rendered":"Les diplomates canadiens \u00e0 Boston suspendent leurs moyens de pression"},"content":{"rendered":"<p>16 avril 2013<\/p>\n<p>Au nom de ses 1,350 membres, l\u2019Association professionnelle des agents du service ext\u00e9rieur souhaite exprimer ses sinc\u00e8res condol\u00e9ances aux familles et amis des victimes de la trag\u00e9die qui a eu lieu \u00e0 Boston hier. Nos pens\u00e9es vont avec tous ceux qui sont affect\u00e9s pendant cette p\u00e9riode difficile.<\/p>\n<p>La premi\u00e8re priorit\u00e9 des agents du Service ext\u00e9rieur est de servir le Canada et les Canadiens. Suite \u00e0 la catastrophe d\u2019hier, nous suspendons les moyens de pression \u00e0 Boston imm\u00e9diatement pour faire en sorte que les Canadiens re\u00e7oivent tout le soutien dont ils ont besoin.<\/p>\n<p>Pour de plus amples renseignements sur cette situation, les Canadiens et Canadiennes devraient consulter les sites web d\u2019Affaires \u00e9trang\u00e8res et Commerce international Canada aux liens suivants : <a href=\"https:\/\/travel.gc.ca\/\" target=\"_blank\" rel=\"noopener\">www.travel.gc.ca<\/a> et <a href=\"http:\/\/www.international.gc.ca\/\" target=\"_blank\" rel=\"noopener\">www.international.gc.ca<\/a>.<\/p>\n<p>Pour plus d\u2019information sur cette situation:<\/p>\n<p>Service des relations avec les m\u00e9dias des Affaires \u00e9trang\u00e8res<br \/>\nMinist\u00e8re des Affaires \u00e9trang\u00e8res et du Commerce international<br \/>\n613-995-1874<\/p>\n<p>Pour plus d\u2019information sur les moyens de pression :<br \/>\nTimothy Edwards<br \/>\nPr\u00e9sident<br \/>\nl\u2019Association professionnelle des agents du Service ext\u00e9rieur<br \/>\n613-241-1391<\/p>\n","protected":false},"excerpt":{"rendered":"<p>16 avril 2013 Au nom de ses 1,350 membres, l\u2019Association professionnelle des agents du service ext\u00e9rieur souhaite exprimer ses sinc\u00e8res condol\u00e9ances aux familles et amis des victimes de la trag\u00e9die qui a eu lieu \u00e0 Boston hier. Nos pens\u00e9es vont avec tous ceux qui sont affect\u00e9s pendant cette p\u00e9riode difficile. La premi\u00e8re priorit\u00e9 des agents [&hellip;]<\/p>\n","protected":false},"author":1,"featured_media":0,"comment_status":"closed","ping_status":"closed","sticky":false,"template":"","format":"standard","meta":{"_acf_changed":false,"_seopress_robots_primary_cat":"","_seopress_titles_title":"","_seopress_titles_desc":"","_seopress_robots_index":"","footnotes":""},"categories":[31],"tags":[],"class_list":["post-3989","post","type-post","status-publish","format-standard","hentry","category-non-classifiee"],"acf":[],"_links":{"self":[{"href":"https:\/\/pafso.com\/fr\/wp-json\/wp\/v2\/posts\/3989","targetHints":{"allow":["GET"]}}],"collection":[{"href":"https:\/\/pafso.com\/fr\/wp-json\/wp\/v2\/posts"}],"about":[{"href":"https:\/\/pafso.com\/fr\/wp-json\/wp\/v2\/types\/post"}],"author":[{"embeddable":true,"href":"https:\/\/pafso.com\/fr\/wp-json\/wp\/v2\/users\/1"}],"replies":[{"embeddable":true,"href":"https:\/\/pafso.com\/fr\/wp-json\/wp\/v2\/comments?post=3989"}],"version-history":[{"count":1,"href":"https:\/\/pafso.com\/fr\/wp-json\/wp\/v2\/posts\/3989\/revisions"}],"predecessor-version":[{"id":4550,"href":"https:\/\/pafso.com\/fr\/wp-json\/wp\/v2\/posts\/3989\/revisions\/4550"}],"wp:attachment":[{"href":"https:\/\/pafso.com\/fr\/wp-json\/wp\/v2\/media?parent=3989"}],"wp:term":[{"taxonomy":"category","embeddable":true,"href":"https:\/\/pafso.com\/fr\/wp-json\/wp\/v2\/categories?post=3989"},{"taxonomy":"post_tag","embeddable":true,"href":"https:\/\/pafso.com\/fr\/wp-json\/wp\/v2\/tags?post=3989"}],"curies":[{"name":"wp","href":"https:\/\/api.w.org\/{rel}","templated":true}]}}