{"id":3973,"date":"2012-05-11T14:44:48","date_gmt":"2012-05-11T14:44:48","guid":{"rendered":"https:\/\/pafso.aponiawebsolutions.ca\/non-classifiee\/2012-photo-contest\/"},"modified":"2023-08-23T20:24:44","modified_gmt":"2023-08-23T20:24:44","slug":"2012-photo-contest","status":"publish","type":"post","link":"https:\/\/pafso.com\/fr\/non-classifiee\/2012-photo-contest\/","title":{"rendered":"CONCOURS PHOTO 2012"},"content":{"rendered":"<p>11 mai 2012 &#8211;<\/p>\n<p>Chers\/ch\u00e8res membres de l&rsquo;APASE,<\/p>\n<p>Vous \u00eates tous et toutes invit\u00e9(e)s \u00e0 participer \u00e0 notre troisi\u00e8me concours photo annuel: \u00abUn regard canadien sur le monde \u00bb. Ce concours vise \u00e0 mettre en exergue les nombreuses exp\u00e9riences et d\u00e9fis du Service ext\u00e9rieur vues \u00e0 travers l\u2019objectif. Les \u0153uvres gagnantes seront affich\u00e9es lors du d\u00eener des Prix de l\u2019APASE le 7 juin, et certaines seront publi\u00e9es dans une \u00e9dition future de bout de papier, ainsi que dans le calendrier de bureau de l\u2019APASE 2013.<\/p>\n<p><strong>Directives :<\/strong> Les photos soumises doivent captiver l\u2019imagination tout en refl\u00e9tant la vie passionnante des agents du service ext\u00e9rieur, au Canada ou \u00e0 l\u2019\u00e9tranger. Les photos seront jug\u00e9es en fonction de leur cr\u00e9ativit\u00e9, leur composition et leur impact visuel.<\/p>\n<p><strong>\u00c9ligibilit\u00e9 :<\/strong> Le concours est ouvert aux membres de l\u2019APASE. Les photographies peuvent \u00eatre fournies par les conjoints ou les personnes \u00e0 charge, mais doivent \u00eatre soumises sous le nom du membre de l\u2019association. Il y a une limite de 3 soumissions par membre. Seules les images originales (non publi\u00e9es auparavant) seront accept\u00e9es. Veuillez inclure votre pr\u00e9nom et nom de famille dans les titres de vos images.<\/p>\n<p><strong>Date limite :<\/strong> Les soumissions doivent \u00eatre re\u00e7ues au plus tard le mercredi 30 mai 2012.<\/p>\n<p><strong>Pour participer :<\/strong> T\u00e9l\u00e9charger vos \u0153uvres \u00e0 : <a href=\"\/\/www.pafso.com\/pafso_photo_contest.php\" target=\"_blank\" rel=\"noopener\">http:\/\/www.pafso.com\/pafso_photo_contest.php<\/a>. Les images doivent \u00eatre en format JPEG (\u00e0 haute r\u00e9solution) ou TIFF. Une r\u00e9solution minimale de 5 megapixels ou 300dpi est sugg\u00e9r\u00e9e.<\/p>\n<p><strong>Modification :<\/strong> De l\u00e9g\u00e8res am\u00e9liorations des images num\u00e9riques sont permises. Cependant toute image modifi\u00e9e substantiellement ne sera pas accept\u00e9e.<\/p>\n<p>Droits d\u2019auteur: En soumettant leurs photos, les participants reconnaissent par le fait m\u00eame \u00e0 l\u2019APASE le droit illimit\u00e9 d\u2019utiliser toutes les photographies soumises pour fins de mat\u00e9riel promotionnel. Les participants conf\u00e8rent par ailleurs \u00e0 l\u2019APASE un droit non-exclusif pour une dur\u00e9e ind\u00e9termin\u00e9e de publier, d\u2019utiliser, de distribuer, de reproduire ou d\u2019exposer dans un endroit public leurs photographies, et de cr\u00e9er des produits d\u00e9riv\u00e9s \u00e0 partir de celles-ci, et ce, sans compensation, sauf l\u00e0 o\u00f9 interdit par la loi. Les photographies seront attribu\u00e9es \u00e0 l\u2019auteur. \u00c0 l\u2019exception des droits confi\u00e9s \u00e0 l\u2019APASE, vous retenez les droits d\u2019auteur pour tout usage ult\u00e9rieur des photographies que vous soumettrez \u00e0 ce concours.<\/p>\n<p>Nous attendons vos chefs-d\u2019\u0153uvre!<\/p>\n<p>Comit\u00e9 ex\u00e9cutif de l&rsquo;APASE<\/p>\n<p><em>Veuillez envoyer vos questions concernant le concours \u00e0 Kirk Duguid. membre du comit\u00e9 ex\u00e9cutif de <a href=\"mailto:Kirk.Duguid@international.gc.ca\" target=\"_blank\" rel=\"noopener\">Kirk.Duguid@international.gc.ca<\/a><\/em><\/p>\n","protected":false},"excerpt":{"rendered":"<p>11 mai 2012 &#8211; Chers\/ch\u00e8res membres de l&rsquo;APASE, Vous \u00eates tous et toutes invit\u00e9(e)s \u00e0 participer \u00e0 notre troisi\u00e8me concours photo annuel: \u00abUn regard canadien sur le monde \u00bb. Ce concours vise \u00e0 mettre en exergue les nombreuses exp\u00e9riences et d\u00e9fis du Service ext\u00e9rieur vues \u00e0 travers l\u2019objectif. Les \u0153uvres gagnantes seront affich\u00e9es lors du [&hellip;]<\/p>\n","protected":false},"author":1,"featured_media":0,"comment_status":"closed","ping_status":"closed","sticky":false,"template":"","format":"standard","meta":{"_acf_changed":false,"_seopress_robots_primary_cat":"","_seopress_titles_title":"","_seopress_titles_desc":"","_seopress_robots_index":"","footnotes":""},"categories":[31],"tags":[],"class_list":["post-3973","post","type-post","status-publish","format-standard","hentry","category-non-classifiee"],"acf":[],"_links":{"self":[{"href":"https:\/\/pafso.com\/fr\/wp-json\/wp\/v2\/posts\/3973","targetHints":{"allow":["GET"]}}],"collection":[{"href":"https:\/\/pafso.com\/fr\/wp-json\/wp\/v2\/posts"}],"about":[{"href":"https:\/\/pafso.com\/fr\/wp-json\/wp\/v2\/types\/post"}],"author":[{"embeddable":true,"href":"https:\/\/pafso.com\/fr\/wp-json\/wp\/v2\/users\/1"}],"replies":[{"embeddable":true,"href":"https:\/\/pafso.com\/fr\/wp-json\/wp\/v2\/comments?post=3973"}],"version-history":[{"count":1,"href":"https:\/\/pafso.com\/fr\/wp-json\/wp\/v2\/posts\/3973\/revisions"}],"predecessor-version":[{"id":4566,"href":"https:\/\/pafso.com\/fr\/wp-json\/wp\/v2\/posts\/3973\/revisions\/4566"}],"wp:attachment":[{"href":"https:\/\/pafso.com\/fr\/wp-json\/wp\/v2\/media?parent=3973"}],"wp:term":[{"taxonomy":"category","embeddable":true,"href":"https:\/\/pafso.com\/fr\/wp-json\/wp\/v2\/categories?post=3973"},{"taxonomy":"post_tag","embeddable":true,"href":"https:\/\/pafso.com\/fr\/wp-json\/wp\/v2\/tags?post=3973"}],"curies":[{"name":"wp","href":"https:\/\/api.w.org\/{rel}","templated":true}]}}