{"id":3968,"date":"2012-01-09T15:08:57","date_gmt":"2012-01-09T15:08:57","guid":{"rendered":"https:\/\/pafso.aponiawebsolutions.ca\/non-classifiee\/le-comite-professionnel-de-lapase-petit-dejeuner-causerie-2\/"},"modified":"2023-08-23T20:24:45","modified_gmt":"2023-08-23T20:24:45","slug":"le-comite-professionnel-de-lapase-petit-dejeuner-causerie-2","status":"publish","type":"post","link":"https:\/\/pafso.com\/fr\/non-classifiee\/le-comite-professionnel-de-lapase-petit-dejeuner-causerie-2\/","title":{"rendered":"Le Comit\u00e9 professionnel de l&rsquo;APASE petit d\u00e9jeuner-causerie"},"content":{"rendered":"<p>09 janvier 2012<\/p>\n<p style=\"text-align: center;\">Le Comit\u00e9 professionnel de l&rsquo;APASE<br \/>\nest heureux de vous pr\u00e9senter<br \/>\nson prochain petit d\u00e9jeuner-causerie<\/p>\n<p style=\"text-align: center;\"><strong>Jeudi le 12 janvier 2012 &#8211; 8 h 30<\/strong><\/p>\n<p style=\"text-align: center;\"><strong>\u00ab La guerre sauvage : les histoires de batailles inconnues de l\u2019Afghanistan \u00bb<\/strong><\/p>\n<p style=\"text-align: center;\"><strong>M. Murray Brewster<\/strong><br \/>\n<strong>Journaliste de la d\u00e9fense au Parlement et premier correspondant de guerre<\/strong><br \/>\n<strong>La Presse Canadienne<\/strong><\/p>\n<p style=\"text-align: center;\"><strong>Salle Rendez-vous<\/strong><br \/>\n<strong>\u00c9difice Lester B. Pearson<\/strong><\/p>\n<p style=\"text-align: center;\"><strong>Caf\u00e9, th\u00e9 et muffins seront servis \u00e0 partir de 8 h 15<\/strong><\/p>\n<p style=\"text-align: center;\"><strong>BIENVENUE \u00c0 TOUS !<\/strong><\/p>\n","protected":false},"excerpt":{"rendered":"<p>09 janvier 2012 Le Comit\u00e9 professionnel de l&rsquo;APASE est heureux de vous pr\u00e9senter son prochain petit d\u00e9jeuner-causerie Jeudi le 12 janvier 2012 &#8211; 8 h 30 \u00ab La guerre sauvage : les histoires de batailles inconnues de l\u2019Afghanistan \u00bb M. Murray Brewster Journaliste de la d\u00e9fense au Parlement et premier correspondant de guerre La Presse [&hellip;]<\/p>\n","protected":false},"author":1,"featured_media":0,"comment_status":"closed","ping_status":"closed","sticky":false,"template":"","format":"standard","meta":{"_acf_changed":false,"_seopress_robots_primary_cat":"","_seopress_titles_title":"","_seopress_titles_desc":"","_seopress_robots_index":"","footnotes":""},"categories":[31],"tags":[],"class_list":["post-3968","post","type-post","status-publish","format-standard","hentry","category-non-classifiee"],"acf":[],"_links":{"self":[{"href":"https:\/\/pafso.com\/fr\/wp-json\/wp\/v2\/posts\/3968","targetHints":{"allow":["GET"]}}],"collection":[{"href":"https:\/\/pafso.com\/fr\/wp-json\/wp\/v2\/posts"}],"about":[{"href":"https:\/\/pafso.com\/fr\/wp-json\/wp\/v2\/types\/post"}],"author":[{"embeddable":true,"href":"https:\/\/pafso.com\/fr\/wp-json\/wp\/v2\/users\/1"}],"replies":[{"embeddable":true,"href":"https:\/\/pafso.com\/fr\/wp-json\/wp\/v2\/comments?post=3968"}],"version-history":[{"count":1,"href":"https:\/\/pafso.com\/fr\/wp-json\/wp\/v2\/posts\/3968\/revisions"}],"predecessor-version":[{"id":4571,"href":"https:\/\/pafso.com\/fr\/wp-json\/wp\/v2\/posts\/3968\/revisions\/4571"}],"wp:attachment":[{"href":"https:\/\/pafso.com\/fr\/wp-json\/wp\/v2\/media?parent=3968"}],"wp:term":[{"taxonomy":"category","embeddable":true,"href":"https:\/\/pafso.com\/fr\/wp-json\/wp\/v2\/categories?post=3968"},{"taxonomy":"post_tag","embeddable":true,"href":"https:\/\/pafso.com\/fr\/wp-json\/wp\/v2\/tags?post=3968"}],"curies":[{"name":"wp","href":"https:\/\/api.w.org\/{rel}","templated":true}]}}