{"id":3964,"date":"2011-11-14T21:48:47","date_gmt":"2011-11-14T21:48:47","guid":{"rendered":"https:\/\/pafso.aponiawebsolutions.ca\/non-classifiee\/calendrier-2012-de-lapase\/"},"modified":"2023-08-23T20:24:46","modified_gmt":"2023-08-23T20:24:46","slug":"calendrier-2012-de-lapase","status":"publish","type":"post","link":"https:\/\/pafso.com\/fr\/non-classifiee\/calendrier-2012-de-lapase\/","title":{"rendered":"Calendrier 2012 de l&rsquo;APASE"},"content":{"rendered":"<p>14 novembre 2011<\/p>\n<p><strong>CALENDRIER 2012 DE L\u2019APASE<\/strong><\/p>\n<p>Pour la deuxi\u00e8me ann\u00e9e de suite, l\u2019APASE a publi\u00e9 un joli calendrier de bureau pour fins de distribution \u00e0 ses membres. Ce calendrier pr\u00e9sente des photographies prises par les membres de notre communaut\u00e9 \u00e9largie et qui ont \u00e9t\u00e9 soumises pour notre concours de photos 2011. Les membres de l\u2019APASE qui n\u2019ont pas encore re\u00e7u de calendrier 2012 doivent communiquer avec le bureau (info@pafso-apase.com).<\/p>\n<p>Il est maintenant possible de se procurer des calendriers additionnels, qui feraient un cadeau id\u00e9al. Toutes les recettes seront vers\u00e9es \u00e0 l\u2019H\u00f4pital d\u2019Ottawa pour son syst\u00e8me de r\u00e9adaptation assist\u00e9 par ordinateur (CAREN). Les calendriers se vendent au prix de 10 $ chacun, deux pour 18 $ ou trois pour 25 $.<\/p>\n<p>On peut se procurer des calendriers aux endroits suivants :<\/p>\n<ul>\n<li>le bureau de l\u2019APASE, 412-47 Clarence, 613-241-1391<\/li>\n<li>125 Sussex, Kirk Duguid, A3-127 <a href=\"mailto:kirk.duguid@international.gc.ca\" target=\"_blank\" rel=\"noopener\">kirk.duguid@international.gc.ca<\/a> 613-944-5389<\/li>\n<li>111 Sussex, Tammy Ames, S3-078, <a href=\"mailto:tammy.ames@international.gc.ca\" target=\"_blank\" rel=\"noopener\">tammy.ames@international.gc.ca<\/a> 613-944-1680<\/li>\n<li>Bisson, voir Pam Isfeld ou Marie-Th\u00e9r\u00e8se Helal, <a href=\"mailto:marie-therese.helal@international.gc.ca\" target=\"_blank\" rel=\"noopener\">marie-therese.helal@international.gc.ca<\/a><\/li>\n<\/ul>\n<p>Les calendriers seront \u00e9galement en vente devant la Tour C dans le hall du 125 Sussex, de 11 h 30 \u00e0 12 h 30, les 25, 28, 29 et 30 novembre et le 1er d\u00e9cembre.<\/p>\n<p>L\u2019APASE remercie en particulier tous ceux et celles qui ont particip\u00e9 \u00e0 son deuxi\u00e8me concours national de photos, ce qui a d\u2019autant plus facilit\u00e9 la composition du calendrier. Nous invitons tous les membres et leurs familles respectives \u00e0 surveiller le lancement du concours de 2012, au printemps prochain.<\/p>\n","protected":false},"excerpt":{"rendered":"<p>14 novembre 2011 CALENDRIER 2012 DE L\u2019APASE Pour la deuxi\u00e8me ann\u00e9e de suite, l\u2019APASE a publi\u00e9 un joli calendrier de bureau pour fins de distribution \u00e0 ses membres. Ce calendrier pr\u00e9sente des photographies prises par les membres de notre communaut\u00e9 \u00e9largie et qui ont \u00e9t\u00e9 soumises pour notre concours de photos 2011. Les membres de [&hellip;]<\/p>\n","protected":false},"author":1,"featured_media":0,"comment_status":"closed","ping_status":"closed","sticky":false,"template":"","format":"standard","meta":{"_acf_changed":false,"_seopress_robots_primary_cat":"","_seopress_titles_title":"","_seopress_titles_desc":"","_seopress_robots_index":"","footnotes":""},"categories":[31],"tags":[],"class_list":["post-3964","post","type-post","status-publish","format-standard","hentry","category-non-classifiee"],"acf":[],"_links":{"self":[{"href":"https:\/\/pafso.com\/fr\/wp-json\/wp\/v2\/posts\/3964","targetHints":{"allow":["GET"]}}],"collection":[{"href":"https:\/\/pafso.com\/fr\/wp-json\/wp\/v2\/posts"}],"about":[{"href":"https:\/\/pafso.com\/fr\/wp-json\/wp\/v2\/types\/post"}],"author":[{"embeddable":true,"href":"https:\/\/pafso.com\/fr\/wp-json\/wp\/v2\/users\/1"}],"replies":[{"embeddable":true,"href":"https:\/\/pafso.com\/fr\/wp-json\/wp\/v2\/comments?post=3964"}],"version-history":[{"count":1,"href":"https:\/\/pafso.com\/fr\/wp-json\/wp\/v2\/posts\/3964\/revisions"}],"predecessor-version":[{"id":4575,"href":"https:\/\/pafso.com\/fr\/wp-json\/wp\/v2\/posts\/3964\/revisions\/4575"}],"wp:attachment":[{"href":"https:\/\/pafso.com\/fr\/wp-json\/wp\/v2\/media?parent=3964"}],"wp:term":[{"taxonomy":"category","embeddable":true,"href":"https:\/\/pafso.com\/fr\/wp-json\/wp\/v2\/categories?post=3964"},{"taxonomy":"post_tag","embeddable":true,"href":"https:\/\/pafso.com\/fr\/wp-json\/wp\/v2\/tags?post=3964"}],"curies":[{"name":"wp","href":"https:\/\/api.w.org\/{rel}","templated":true}]}}