{"id":3963,"date":"2011-10-30T20:47:12","date_gmt":"2011-10-30T20:47:12","guid":{"rendered":"https:\/\/pafso.aponiawebsolutions.ca\/non-classifiee\/annonce-de-lapase\/"},"modified":"2023-08-23T20:24:46","modified_gmt":"2023-08-23T20:24:46","slug":"annonce-de-lapase","status":"publish","type":"post","link":"https:\/\/pafso.com\/fr\/non-classifiee\/annonce-de-lapase\/","title":{"rendered":"Annonce de l&rsquo;APASE"},"content":{"rendered":"<p>30 octobre 2011<\/p>\n<p>L\u2019Association professionnelle des agents du Service ext\u00e9rieur (l\u2019APASE) est heureuse d\u2019annoncer l\u2019\u00e9lection de M. Timothy Edwards au poste de pr\u00e9sident de l\u2019Association.<\/p>\n<p>M. Edwards s\u2019est joint aux rangs de la fili\u00e8re politique\/\u00e9conomique du Service ext\u00e9rieur canadien en 2003. Depuis ao\u00fbt 2010, il est directeur adjoint, Affaires corporatives et Communications, Direction g\u00e9n\u00e9rale des programmes majeurs, minist\u00e8re des Affaires \u00e9trang\u00e8res et du Commerce international. Tout juste avant, il \u00e9tait chef de programme charg\u00e9 des relations du Canada avec Ta\u00efwan, la Mongolie, Hong Kong et Macao. La premi\u00e8re affectation outre-mer de M. Edwards a \u00e9t\u00e9 \u00e0 titre de vice-consul et chef des affaires publiques du consulat g\u00e9n\u00e9ral du Canada \u00e0 Hong Kong, de 2006 \u00e0 2008. Il a aussi pass\u00e9 deux ans comme charg\u00e9 de dossier pour la Cor\u00e9e du Nord (participant \u00e0 deux d\u00e9l\u00e9gations dans ce pays) et un an en qualit\u00e9 de sp\u00e9cialiste des droits de la personne et de conseiller subalterne de la d\u00e9l\u00e9gation canadienne aupr\u00e8s de la Commission des droits de l\u2019homme des Nations Unies \u00e0 Gen\u00e8ve.<\/p>\n<p>Avant son entr\u00e9e au service ext\u00e9rieur, M. Edwards a travaill\u00e9 \u00e0 la Fondation Asie Pacifique du Canada et \u00e0 la Soci\u00e9t\u00e9 Radio-Canada. Il est titulaire d\u2019un BA (histoire et science politique) de l\u2019Universit\u00e9 McGill et il a achev\u00e9 une th\u00e8se de ma\u00eetrise en relations internationales \u00e0 l\u2019Universit\u00e9 York de Toronto. Bien qu\u2019il consid\u00e8re Ottawa comme sa ville natale, M. Edwards vient d\u2019une famille de diplomates et il a grandi dans plusieurs pays. Il parle l\u2019anglais, le fran\u00e7ais et le mandarin et son \u00e9pouse est Amanda Putz, personnalit\u00e9 du r\u00e9seau radiophonique de langue anglaise de la SRC. Ils ont un fils et attendent un deuxi\u00e8me enfant en 2012.<\/p>\n<p>M. Edwards est membre du Comit\u00e9 ex\u00e9cutif de l\u2019Association depuis septembre 2008. Il succ\u00e8de \u00e0 Pam Isfeld qui \u00e9tait pr\u00e9sidente de l\u2018APASE depuis octobre 2009.<\/p>\n","protected":false},"excerpt":{"rendered":"<p>30 octobre 2011 L\u2019Association professionnelle des agents du Service ext\u00e9rieur (l\u2019APASE) est heureuse d\u2019annoncer l\u2019\u00e9lection de M. Timothy Edwards au poste de pr\u00e9sident de l\u2019Association. M. Edwards s\u2019est joint aux rangs de la fili\u00e8re politique\/\u00e9conomique du Service ext\u00e9rieur canadien en 2003. Depuis ao\u00fbt 2010, il est directeur adjoint, Affaires corporatives et Communications, Direction g\u00e9n\u00e9rale des [&hellip;]<\/p>\n","protected":false},"author":1,"featured_media":0,"comment_status":"closed","ping_status":"closed","sticky":false,"template":"","format":"standard","meta":{"_acf_changed":false,"_seopress_robots_primary_cat":"","_seopress_titles_title":"","_seopress_titles_desc":"","_seopress_robots_index":"","footnotes":""},"categories":[31],"tags":[],"class_list":["post-3963","post","type-post","status-publish","format-standard","hentry","category-non-classifiee"],"acf":[],"_links":{"self":[{"href":"https:\/\/pafso.com\/fr\/wp-json\/wp\/v2\/posts\/3963","targetHints":{"allow":["GET"]}}],"collection":[{"href":"https:\/\/pafso.com\/fr\/wp-json\/wp\/v2\/posts"}],"about":[{"href":"https:\/\/pafso.com\/fr\/wp-json\/wp\/v2\/types\/post"}],"author":[{"embeddable":true,"href":"https:\/\/pafso.com\/fr\/wp-json\/wp\/v2\/users\/1"}],"replies":[{"embeddable":true,"href":"https:\/\/pafso.com\/fr\/wp-json\/wp\/v2\/comments?post=3963"}],"version-history":[{"count":1,"href":"https:\/\/pafso.com\/fr\/wp-json\/wp\/v2\/posts\/3963\/revisions"}],"predecessor-version":[{"id":4576,"href":"https:\/\/pafso.com\/fr\/wp-json\/wp\/v2\/posts\/3963\/revisions\/4576"}],"wp:attachment":[{"href":"https:\/\/pafso.com\/fr\/wp-json\/wp\/v2\/media?parent=3963"}],"wp:term":[{"taxonomy":"category","embeddable":true,"href":"https:\/\/pafso.com\/fr\/wp-json\/wp\/v2\/categories?post=3963"},{"taxonomy":"post_tag","embeddable":true,"href":"https:\/\/pafso.com\/fr\/wp-json\/wp\/v2\/tags?post=3963"}],"curies":[{"name":"wp","href":"https:\/\/api.w.org\/{rel}","templated":true}]}}