{"id":3949,"date":"2011-02-07T20:57:23","date_gmt":"2011-02-07T20:57:23","guid":{"rendered":"https:\/\/pafso.aponiawebsolutions.ca\/non-classifiee\/le-petit-dejeuner-causerie-du-comite-professionnel-de-lapase\/"},"modified":"2023-08-23T20:24:49","modified_gmt":"2023-08-23T20:24:49","slug":"le-petit-dejeuner-causerie-du-comite-professionnel-de-lapase","status":"publish","type":"post","link":"https:\/\/pafso.com\/fr\/non-classifiee\/le-petit-dejeuner-causerie-du-comite-professionnel-de-lapase\/","title":{"rendered":"Le petit d\u00e9jeuner-causerie du Comit\u00e9 professionnel de l&rsquo;APASE"},"content":{"rendered":"<p style=\"text-align: left;\">07 f\u00e8vrier 2011 &#8211;<\/p>\n<p style=\"text-align: center;\">Le Comit\u00e9 professionnel de l&rsquo;APASE est heureux de vous pr\u00e9senter<br \/>\nson prochain petit d\u00e9jeuner-causerie<\/p>\n<p style=\"text-align: center;\"><strong>le mardi 15 f\u00e9vrier 2011 &#8211; 8 h 30<\/strong><\/p>\n<p style=\"text-align: center;\"><strong>\u00ab Le Sud-Soudan : Un nouveau d\u00e9but \u00bb<\/strong><\/p>\n<p style=\"text-align: center;\"><strong>M. John Lewis<\/strong><br \/>\nCoordinateur du programme des droits de la personne<br \/>\nKAIROS: Canadian Ecumenical Justice Initiatives<\/p>\n<p style=\"text-align: center;\"><strong>M. Chris Hull<\/strong><br \/>\nDirecteur adjoint (politique)<br \/>\nGroupe de travail sur le Soudan<\/p>\n<p style=\"text-align: center;\">Salle Rendez-vous, \u00c9difice Lester B. Pearson<\/p>\n<p style=\"text-align: center;\">\nCaf\u00e9, th\u00e9 et muffins seront servis \u00e0 partir de 8 h 15<br \/>\nBIENVENUE \u00c0 TOUS !<\/p>\n<p style=\"text-align: center;\">\n","protected":false},"excerpt":{"rendered":"<p>07 f\u00e8vrier 2011 &#8211; Le Comit\u00e9 professionnel de l&rsquo;APASE est heureux de vous pr\u00e9senter son prochain petit d\u00e9jeuner-causerie le mardi 15 f\u00e9vrier 2011 &#8211; 8 h 30 \u00ab Le Sud-Soudan : Un nouveau d\u00e9but \u00bb M. John Lewis Coordinateur du programme des droits de la personne KAIROS: Canadian Ecumenical Justice Initiatives M. Chris Hull Directeur [&hellip;]<\/p>\n","protected":false},"author":1,"featured_media":0,"comment_status":"closed","ping_status":"closed","sticky":false,"template":"","format":"standard","meta":{"_acf_changed":false,"_seopress_robots_primary_cat":"","_seopress_titles_title":"","_seopress_titles_desc":"","_seopress_robots_index":"","footnotes":""},"categories":[31],"tags":[],"class_list":["post-3949","post","type-post","status-publish","format-standard","hentry","category-non-classifiee"],"acf":[],"_links":{"self":[{"href":"https:\/\/pafso.com\/fr\/wp-json\/wp\/v2\/posts\/3949","targetHints":{"allow":["GET"]}}],"collection":[{"href":"https:\/\/pafso.com\/fr\/wp-json\/wp\/v2\/posts"}],"about":[{"href":"https:\/\/pafso.com\/fr\/wp-json\/wp\/v2\/types\/post"}],"author":[{"embeddable":true,"href":"https:\/\/pafso.com\/fr\/wp-json\/wp\/v2\/users\/1"}],"replies":[{"embeddable":true,"href":"https:\/\/pafso.com\/fr\/wp-json\/wp\/v2\/comments?post=3949"}],"version-history":[{"count":1,"href":"https:\/\/pafso.com\/fr\/wp-json\/wp\/v2\/posts\/3949\/revisions"}],"predecessor-version":[{"id":4590,"href":"https:\/\/pafso.com\/fr\/wp-json\/wp\/v2\/posts\/3949\/revisions\/4590"}],"wp:attachment":[{"href":"https:\/\/pafso.com\/fr\/wp-json\/wp\/v2\/media?parent=3949"}],"wp:term":[{"taxonomy":"category","embeddable":true,"href":"https:\/\/pafso.com\/fr\/wp-json\/wp\/v2\/categories?post=3949"},{"taxonomy":"post_tag","embeddable":true,"href":"https:\/\/pafso.com\/fr\/wp-json\/wp\/v2\/tags?post=3949"}],"curies":[{"name":"wp","href":"https:\/\/api.w.org\/{rel}","templated":true}]}}