{"id":3948,"date":"2011-02-02T20:52:51","date_gmt":"2011-02-02T20:52:51","guid":{"rendered":"https:\/\/pafso.aponiawebsolutions.ca\/non-classifiee\/apase-actualites-hiver-2011\/"},"modified":"2023-08-23T20:24:49","modified_gmt":"2023-08-23T20:24:49","slug":"apase-actualites-hiver-2011","status":"publish","type":"post","link":"https:\/\/pafso.com\/fr\/non-classifiee\/apase-actualites-hiver-2011\/","title":{"rendered":"APASE ACTUALIT\u00c9S &#8211; Hiver 2011"},"content":{"rendered":"<p>02 f\u00e8vrier 2011<\/p>\n<p>Rappel : Changement d&rsquo;adresse? S.V.P. nous en aviser par courriel \u00e0 : <a href=\"mailto:info@pafso-apase.com\">info@pafso-apase.com<\/a><\/p>\n<p><a href=\"http:\/\/pafso.com\/wp-content\/uploads\/2011\/02\/FIN_PAFSO_Update_Winter_2011-FR2.pdf\" target=\"_blank\" rel=\"noopener\">APASE ACTUALIT\u00c9S &#8211; HIVER 2011<\/a><\/p>\n<p><strong>Table des mati\u00e8res<\/strong><\/p>\n<ul>\n<li>Assembl\u00e9e g\u00e9n\u00e9rale annuelle<\/li>\n<li>Membres du Comit\u00e9 ex\u00e9cutif 2010-2011<\/li>\n<li>Dates \u00e0 retenir<\/li>\n<li>Gestion regroup\u00e9e EC-CO<\/li>\n<li>Valeurs et \u00e9thique<\/li>\n<li>R\u00e9sultats du sondage sur la r\u00e9mun\u00e9ration<\/li>\n<li>Le point sur la Loi sur la citoyennet\u00e9<\/li>\n<li>Commandite d\u2019une conf\u00e9rence juridique internationale<\/li>\n<li>N\u00e9gociations collectives<\/li>\n<li>Contestation judiciaire relative aux pensions<\/li>\n<li>Calendriers de l\u2019APASE<\/li>\n<li>R\u00e9mun\u00e9ration d\u2019int\u00e9rim pour les participants au PPSE<\/li>\n<li>Concours de photos<\/li>\n<li>La communaut\u00e9 de l\u2019APASE sur Connections<\/li>\n<li>Information de l\u2019APASE \u2013 Rendez-vous chez le m\u00e9decin ou le dentiste<\/li>\n<li>ACSE<\/li>\n<\/ul>\n","protected":false},"excerpt":{"rendered":"<p>02 f\u00e8vrier 2011 Rappel : Changement d&rsquo;adresse? S.V.P. nous en aviser par courriel \u00e0 : info@pafso-apase.com APASE ACTUALIT\u00c9S &#8211; HIVER 2011 Table des mati\u00e8res Assembl\u00e9e g\u00e9n\u00e9rale annuelle Membres du Comit\u00e9 ex\u00e9cutif 2010-2011 Dates \u00e0 retenir Gestion regroup\u00e9e EC-CO Valeurs et \u00e9thique R\u00e9sultats du sondage sur la r\u00e9mun\u00e9ration Le point sur la Loi sur la citoyennet\u00e9 [&hellip;]<\/p>\n","protected":false},"author":1,"featured_media":0,"comment_status":"closed","ping_status":"closed","sticky":false,"template":"","format":"standard","meta":{"_acf_changed":false,"_seopress_robots_primary_cat":"","_seopress_titles_title":"","_seopress_titles_desc":"","_seopress_robots_index":"","footnotes":""},"categories":[31],"tags":[],"class_list":["post-3948","post","type-post","status-publish","format-standard","hentry","category-non-classifiee"],"acf":[],"_links":{"self":[{"href":"https:\/\/pafso.com\/fr\/wp-json\/wp\/v2\/posts\/3948","targetHints":{"allow":["GET"]}}],"collection":[{"href":"https:\/\/pafso.com\/fr\/wp-json\/wp\/v2\/posts"}],"about":[{"href":"https:\/\/pafso.com\/fr\/wp-json\/wp\/v2\/types\/post"}],"author":[{"embeddable":true,"href":"https:\/\/pafso.com\/fr\/wp-json\/wp\/v2\/users\/1"}],"replies":[{"embeddable":true,"href":"https:\/\/pafso.com\/fr\/wp-json\/wp\/v2\/comments?post=3948"}],"version-history":[{"count":1,"href":"https:\/\/pafso.com\/fr\/wp-json\/wp\/v2\/posts\/3948\/revisions"}],"predecessor-version":[{"id":4591,"href":"https:\/\/pafso.com\/fr\/wp-json\/wp\/v2\/posts\/3948\/revisions\/4591"}],"wp:attachment":[{"href":"https:\/\/pafso.com\/fr\/wp-json\/wp\/v2\/media?parent=3948"}],"wp:term":[{"taxonomy":"category","embeddable":true,"href":"https:\/\/pafso.com\/fr\/wp-json\/wp\/v2\/categories?post=3948"},{"taxonomy":"post_tag","embeddable":true,"href":"https:\/\/pafso.com\/fr\/wp-json\/wp\/v2\/tags?post=3948"}],"curies":[{"name":"wp","href":"https:\/\/api.w.org\/{rel}","templated":true}]}}