{"id":3945,"date":"2010-04-14T19:14:03","date_gmt":"2010-04-14T19:14:03","guid":{"rendered":"https:\/\/pafso.aponiawebsolutions.ca\/non-classifiee\/concours-photo-2010-de-lapase-le-monde-a-travers-des-yeux-canadiens\/"},"modified":"2023-08-23T20:24:50","modified_gmt":"2023-08-23T20:24:50","slug":"concours-photo-2010-de-lapase-le-monde-a-travers-des-yeux-canadiens","status":"publish","type":"post","link":"https:\/\/pafso.com\/fr\/non-classifiee\/concours-photo-2010-de-lapase-le-monde-a-travers-des-yeux-canadiens\/","title":{"rendered":"Concours Photo 2010 de l&rsquo;APASE &#8211; Le Monde \u00e0 travers des yeux canadiens"},"content":{"rendered":"<p>14 avril 2010<\/p>\n<p>Chers\/ch\u00e8res membres,<\/p>\n<p>Vous \u00eates tous et toutes invit\u00e9s(\u00e9es) \u00e0 participer \u00e0 notre Concours Photo 2010: \u00ab Le Monde \u00e0 travers des yeux canadiens \u00bb. Ce concours vise \u00e0 mettre en exergue les nombreuses exp\u00e9riences du Service ext\u00e9rieur vues \u00e0 travers l\u2019objectif. Les \u0153uvres gagnantes seront annonc\u00e9es \u00e0 la soir\u00e9e des Prix de l\u2019APASE le 10 juin, et publi\u00e9es dans bout de papier. Elles pourraient \u00e9galement faire partie d\u2019un calendrier promotionnel de l\u2019APASE.<\/p>\n<p><strong>Directives :<\/strong> Nous cherchons des photographies qui puissent captiver l\u2019imagination tout en refl\u00e9tant la vie passionnante des agents du Service ext\u00e9rieur, au Canada et \u00e0 l\u2019\u00e9tranger. Les photos seront jug\u00e9es en fonction de leur cr\u00e9ativit\u00e9, leur composition, leur perspective et leur impact visuel.<\/p>\n<p><strong>\u00c9ligibilit\u00e9 :<\/strong> Le concours est ouvert aux membres de l\u2019APASE, y compris les membres associ\u00e9s et affili\u00e9s. Les photographies peuvent \u00eatre fournies par les conjoints ou les personnes \u00e0 charge, mais doivent \u00eatre soumises sous le nom du membre de l\u2019association. Un maximum de 5 soumissions par membre est permis. Seules les images originales (non publi\u00e9es auparavant) seront accept\u00e9es. Veuillez inclure votre pr\u00e9nom et nom de famille dans les titres de vos images.<\/p>\n<p><strong>Date limite :<\/strong> Les soumissions doivent \u00eatre re\u00e7ues au plus tard le 25 mai 2010.<\/p>\n<p><strong>Pour participer :<\/strong> Veuillez envoyer vos \u0153uvres \u00e0 <a href=\"mailto:photo@pafso-apase.com\" target=\"_blank\" rel=\"noopener\">photo@pafso-apase.com<\/a>. Les images doivent \u00eatre en format JPEG (\u00e0 haute r\u00e9solution) ou TIFF. Une r\u00e9solution minimale de 5 megapixels ou 300dpi est sugg\u00e9r\u00e9e.<\/p>\n<p><strong>Modification :<\/strong> De l\u00e9g\u00e8res am\u00e9liorations des images num\u00e9riques sont permises. Cependant toute image modifi\u00e9e substantiellement ne sera pas accept\u00e9e.<\/p>\n<p><strong>Droits d\u2019auteur :<\/strong> En soumettant leurs photos, les participants reconnaissent par le fait m\u00eame \u00e0 l\u2019APASE et au magazine bout de papier, le droit illimit\u00e9 d\u2019utiliser toutes les photographies soumises pour fins de mat\u00e9riel promotionnel. Les participants conf\u00e8rent par ailleurs \u00e0 l\u2019APASE un droit non-exclusif pour une dur\u00e9e ind\u00e9termin\u00e9e de publier, d\u2019utiliser, de distribuer, de reproduire ou d\u2019exposer dans un endroit public leurs photographies, et de cr\u00e9er des produits d\u00e9riv\u00e9s \u00e0 partir de celles-ci, et ce, sans compensation, sauf l\u00e0 o\u00f9 interdit par la loi. Les photographies seront attribu\u00e9es \u00e0 l\u2019auteur. \u00c0 l\u2019exception des droits confi\u00e9s \u00e0 l\u2019APASE, vous retenez les droits d\u2019auteur pour tout usage ult\u00e9rieur des photographies que vous soumettrez \u00e0 ce concours.<\/p>\n<p>Nous attendons vos chefs-d\u2019\u0153uvre!<\/p>\n<p>Comit\u00e9 ex\u00e9cutif de l&rsquo;APASE<\/p>\n<p>Veuillez envoyer vos questions concernant le concours \u00e0 Cael Husband ou Kirk Duguid, membres du comit\u00e9 ex\u00e9cutif de l&rsquo;APASE.<\/p>\n<p><a href=\"mailto:Cael.Husband@international.gc.ca\" target=\"_blank\" rel=\"noopener\">Cael.Husband@international.gc.ca<\/a> <a href=\"mailto:Kirk.Duguid@international.gc.ca\">Kirk.Duguid@international.gc.ca<\/a><\/p>\n","protected":false},"excerpt":{"rendered":"<p>14 avril 2010 Chers\/ch\u00e8res membres, Vous \u00eates tous et toutes invit\u00e9s(\u00e9es) \u00e0 participer \u00e0 notre Concours Photo 2010: \u00ab Le Monde \u00e0 travers des yeux canadiens \u00bb. Ce concours vise \u00e0 mettre en exergue les nombreuses exp\u00e9riences du Service ext\u00e9rieur vues \u00e0 travers l\u2019objectif. Les \u0153uvres gagnantes seront annonc\u00e9es \u00e0 la soir\u00e9e des Prix de [&hellip;]<\/p>\n","protected":false},"author":1,"featured_media":0,"comment_status":"closed","ping_status":"closed","sticky":false,"template":"","format":"standard","meta":{"_acf_changed":false,"_seopress_robots_primary_cat":"","_seopress_titles_title":"","_seopress_titles_desc":"","_seopress_robots_index":"","footnotes":""},"categories":[31],"tags":[],"class_list":["post-3945","post","type-post","status-publish","format-standard","hentry","category-non-classifiee"],"acf":[],"_links":{"self":[{"href":"https:\/\/pafso.com\/fr\/wp-json\/wp\/v2\/posts\/3945","targetHints":{"allow":["GET"]}}],"collection":[{"href":"https:\/\/pafso.com\/fr\/wp-json\/wp\/v2\/posts"}],"about":[{"href":"https:\/\/pafso.com\/fr\/wp-json\/wp\/v2\/types\/post"}],"author":[{"embeddable":true,"href":"https:\/\/pafso.com\/fr\/wp-json\/wp\/v2\/users\/1"}],"replies":[{"embeddable":true,"href":"https:\/\/pafso.com\/fr\/wp-json\/wp\/v2\/comments?post=3945"}],"version-history":[{"count":1,"href":"https:\/\/pafso.com\/fr\/wp-json\/wp\/v2\/posts\/3945\/revisions"}],"predecessor-version":[{"id":4594,"href":"https:\/\/pafso.com\/fr\/wp-json\/wp\/v2\/posts\/3945\/revisions\/4594"}],"wp:attachment":[{"href":"https:\/\/pafso.com\/fr\/wp-json\/wp\/v2\/media?parent=3945"}],"wp:term":[{"taxonomy":"category","embeddable":true,"href":"https:\/\/pafso.com\/fr\/wp-json\/wp\/v2\/categories?post=3945"},{"taxonomy":"post_tag","embeddable":true,"href":"https:\/\/pafso.com\/fr\/wp-json\/wp\/v2\/tags?post=3945"}],"curies":[{"name":"wp","href":"https:\/\/api.w.org\/{rel}","templated":true}]}}