{"id":3941,"date":"2009-07-02T18:15:21","date_gmt":"2009-07-02T18:15:21","guid":{"rendered":"https:\/\/pafso.aponiawebsolutions.ca\/non-classifiee\/la-nouvelle-loi-sur-la-citoyennete-lettres-de-lapase\/"},"modified":"2023-08-23T20:24:51","modified_gmt":"2023-08-23T20:24:51","slug":"la-nouvelle-loi-sur-la-citoyennete-lettres-de-lapase","status":"publish","type":"post","link":"https:\/\/pafso.com\/fr\/non-classifiee\/la-nouvelle-loi-sur-la-citoyennete-lettres-de-lapase\/","title":{"rendered":"La nouvelle Loi sur la citoyennet\u00e9 &#8211; Lettres de l&rsquo;APASE"},"content":{"rendered":"<p>02 juillet 2009<\/p>\n<p>Pour faire suite \u00e0 l&rsquo;affirmation selon laquelle la nouvelle Loi sur la citoyennet\u00e9 pourrait toucher les petits-enfants de FS en mission \u00e0 l&rsquo;\u00e9tranger, l&rsquo;APASE a \u00e9crit au ministre de Citoyennet\u00e9 et Immigration et au pr\u00e9sident du Comit\u00e9 permanent de la citoyennet\u00e9 et de l&rsquo;immigration (voir ci-dessous). Des lettres ont aussi \u00e9t\u00e9 adress\u00e9es directement aux ministres Cannon et Day. Nous attendons une r\u00e9ponse.<\/p>\n<p>Le 17 juin 2009<\/p>\n<p>L&rsquo;honorable Jason Kenney, C.P., d\u00e9put\u00e9<br \/>\nMinistre<br \/>\nCitoyennet\u00e9 et Immigration Canada<br \/>\n365, avenue Laurier Ouest<br \/>\nOttawa (Ontario) K1A 1L1<\/p>\n<p>Monsieur le Ministre,<\/p>\n<p>Je vous \u00e9cris afin de vous exposer un probl\u00e8me que les r\u00e9centes modifications apport\u00e9es \u00e0 la Loi sur la citoyennet\u00e9 et l&rsquo;immigration par suite du projet de loi C-37, d\u00e9sormais en vigueur, pose pour les fonctionnaires en mission \u00e0 l&rsquo;\u00e9tranger.<\/p>\n<p>Je suis le pr\u00e9sident de l&rsquo;Association professionnelle des agents du Service ext\u00e9rieur (l&rsquo;APASE), l&rsquo;association de travailleurs et de travailleuses qui repr\u00e9sente les agents du service ext\u00e9rieur du Canada qui servent au pays et \u00e0 l&rsquo;\u00e9tranger. Nos membres sont principalement \u00e0 l&#8217;emploi de votre minist\u00e8re et du minist\u00e8re des Affaires \u00e9trang\u00e8res et du Commerce international et ils constituent la majorit\u00e9 des fonctionnaires civils en mission \u00e0 l&rsquo;\u00e9tranger.<\/p>\n<p>En vertu des modifications pr\u00e9sent\u00e9es dans le projet de loi C-37, les enfants qui sont n\u00e9s de fonctionnaires pendant qu&rsquo;ils sont en mission pour le Canada \u00e0 l&rsquo;\u00e9tranger auront un acc\u00e8s restreint \u00e0 la citoyennet\u00e9 canadienne. Quoique les enfants eux-m\u00eames (c.-\u00e0-d., la premi\u00e8re g\u00e9n\u00e9ration n\u00e9e \u00e0 l&rsquo;\u00e9tranger) deviendront citoyens canadiens, ils ne pourront pas transmettre cette citoyennet\u00e9 \u00e0 leurs propres enfants (c.-\u00e0-d., la deuxi\u00e8me g\u00e9n\u00e9ration n\u00e9e \u00e0 l&rsquo;\u00e9tranger), \u00e0 moins que ces enfants ne naissent au Canada. Cette disposition s&rsquo;applique avec effet r\u00e9troactif, car toute personne n\u00e9e de parents canadiens \u00e0 l&rsquo;ext\u00e9rieur du Canada y est d\u00e9sormais assujettie. Cette diff\u00e9rence a des incidences pratiques : contrairement \u00e0 leurs homologues n\u00e9s au Canada, les enfants de fonctionnaires n\u00e9s au cours d&rsquo;affectations outre-mer devront faire preuve d&rsquo;une plus grande prudence dans le choix de leur lieu de r\u00e9sidence et de leur conjoint ou conjointe.<\/p>\n<p>Les r\u00e9percussions de cette loi ne se limitent pas aux seuls agents du service ext\u00e9rieur. Elles se r\u00e9v\u00e9leront particuli\u00e8rement graves pour les membres des Forces canadiennes. Par exemple, je crois savoir qu&rsquo;entre 1983 et 1994, pr\u00e8s de 4 000 enfants sont n\u00e9s de membres des Forces canadiennes en mission \u00e0 la base des Forces canadiennes \u00e0 Lahr (Allemagne). En vertu de la nouvelle loi, tous ces enfants, actuellement en fin d&rsquo;adolescence ou au d\u00e9but de la vingtaine, jouissent d&rsquo;une citoyennet\u00e9 de \u00ab seconde classe \u00bb du fait qu&rsquo;ils n&rsquo;ont plus le loisir de transmettre leur citoyennet\u00e9 canadienne \u00e0 l&rsquo;un de leurs enfants n\u00e9s \u00e0 l&rsquo;\u00e9tranger.<\/p>\n<p>Il existe d&rsquo;autres minist\u00e8res et organismes dont certains employ\u00e9s pourraient \u00eatre touch\u00e9s lorsqu&rsquo;ils sont en mission \u00e0 l&rsquo;\u00e9tranger, notamment l&rsquo;Agence des services frontaliers du Canada, l&rsquo;Agence canadienne de d\u00e9veloppement international, Agriculture et Agroalimentaire Canada, Patrimoine Canada et la Gendarmerie royale du Canada. Ces organismes pourraient tous constater que la dotation de postes outre-mer devient plus difficile en vertu de la nouvelle loi, car celle-ci cr\u00e9e un d\u00e9sincitatif au service \u00e0 l&rsquo;\u00e9tranger et un incitatif \u00e0 couper court \u00e0 une affectation et \u00e0 rentrer au Canada en cas de grossesse. J&rsquo;envoie copie de la pr\u00e9sente aux ministres et sous-ministres de ces autres minist\u00e8res et organismes afin de les mettre au courant de la question.<\/p>\n<p>Le projet de loi C-37 avait pour objet de r\u00e9gler le cas des personnes qui sont citoyens sur papier mais dont le lien avec le Canada est t\u00e9nu. Or, c&rsquo;est tout le contraire pour les fonctionnaires canadiens en mission \u00e0 l&rsquo;\u00e9tranger : leur lien avec le Canada est si fort qu&rsquo;ils consacrent leur carri\u00e8re au service de leur pays. Il est donc illogique de p\u00e9naliser leurs enfants du fait qu&rsquo;ils sont n\u00e9s \u00e0 l&rsquo;\u00e9tranger.<\/p>\n<p>Je suppose que c&rsquo;est par inadvertance que cette injustice flagrante est r\u00e9sult\u00e9e des modifications apport\u00e9es par le projet de loi C-37. En cons\u00e9quence, je vous incite \u00e0 prendre des mesures l\u00e9gislatives dans les plus brefs d\u00e9lais pour r\u00e9gler ce probl\u00e8me. Une solution pourrait \u00eatre de modifier la Loi sur la citoyennet\u00e9 de mani\u00e8re \u00e0 pr\u00e9ciser que les enfants n\u00e9s de fonctionnaires canadiens en mission \u00e0 l&rsquo;\u00e9tranger seraient \u00ab r\u00e9put\u00e9s \u00bb \u00eatre n\u00e9s au Canada aux fins de la Loi. \u00c9tant donn\u00e9 que tout changement exigerait probablement une modification de la Loi sur la citoyennet\u00e9, j&rsquo;envoie \u00e9galement copie de la pr\u00e9sente aux membres du Comit\u00e9 permanent de la citoyennet\u00e9 et de l&rsquo;immigration.<\/p>\n<p>J&rsquo;aimerais que vous me teniez au courant de toute mesure que vous seriez susceptible de prendre pour r\u00e9gler ce probl\u00e8me. Je serais aussi heureux de vous rencontrer, vous ou vos fonctionnaires, afin de discuter de la question.<\/p>\n<p>Veuillez agr\u00e9er, Monsieur le Ministre, l&rsquo;expression de mes sentiments les meilleurs.<\/p>\n<p>Le pr\u00e9sident,<br \/>\nCraig Weichel<\/p>\n<p>c.c. : L&rsquo;hon. L. Cannon, Ministre des Affaires \u00e9trang\u00e8res<br \/>\nL&rsquo;hon. S. Day, Ministre du Commerce international<br \/>\nL&rsquo;hon. P. Mackay, Ministre de la D\u00e9fense nationale<br \/>\nL&rsquo;hon. B. Oda, Ministre de l&rsquo;Agence canadienne de d\u00e9veloppement international<br \/>\nL&rsquo;hon. G. Ritz, Ministre d&rsquo;Agriculture et Agroalimentaire Canada<br \/>\nM. S. Rigby, Pr\u00e9sident de l&rsquo;Agence des services frontaliers du Canada<br \/>\nM. L. Edwards, Sous-ministre des Affaires \u00e9trang\u00e8res, MAECI<br \/>\nM. L. L\u00e9vesque, Sous-ministre du Commerce international, MAECI<br \/>\nMme J. Charette, Sous-ministre, Ressources humaines et D\u00e9veloppement des comp\u00e9tences Canada<br \/>\nMme M. Biggs, Pr\u00e9sidente, Agence canadienne de d\u00e9veloppement international<br \/>\nM. R. Fadden, Sous-ministre, Citoyennet\u00e9 et Immigration Canada<br \/>\nMme Y. Baltacioglu, Sous-ministre, Agriculture et Agroalimentaire Canada<br \/>\nMme J. LaRocque, Sous-ministre, Patrimoine Canada<br \/>\nM. D. Tilson, Pr\u00e9sident, Comit\u00e9 permanent de la CI<br \/>\nM. M. Bevilacqua, Vice-pr\u00e9sident, Comit\u00e9 permanent de la CI<br \/>\nM. T. St-Cyr, Vice-pr\u00e9sident, Comit\u00e9 permanent de la CI<br \/>\nM. P. Calandra, Membre, Comit\u00e9 permanent de la CI<br \/>\nMme O. Chow, Membre, Comit\u00e9 permanent de la CI<br \/>\nM. R. Dykstra, Membre, Comit\u00e9 permanent de la CI<br \/>\nMme N. Grewal,, Membre, Comit\u00e9 permanent de la CI<br \/>\nM. J. Karygiannis, Membre, Comit\u00e9 permanent de la CI<br \/>\nMme A. Mendes, Membre, Comit\u00e9 permanent de la CI<br \/>\nM. P.-P. Paill\u00e9, Membre, Comit\u00e9 permanent de la CI<br \/>\nM. D. Shory, Membre, Comit\u00e9 permanent de la CI<br \/>\nMme A. Wong, Membre, Comit\u00e9 permanent de la CI<\/p>\n<p>Le 17 juin 2009<\/p>\n<p>Monsieur David Tilson<br \/>\nPr\u00e9sident<br \/>\nComit\u00e9 permanent de la Citoyennet\u00e9 et de l=Immigration<br \/>\nChambre des communes<br \/>\n6e \u00e9tage<br \/>\n131, rue Queen<br \/>\nOttawa (Ontario) K1A 0A6<\/p>\n<p>Monsieur le Pr\u00e9sident,<\/p>\n<p>Objet : Projet de loi C-37<br \/>\nIncidences sur les fonctionnaires\/militaires en mission \u00e0 l&rsquo;\u00e9tranger<\/p>\n<p>Nous d\u00e9sirons porter \u00e0 votre attention l&rsquo;injustice que le projet de loi a cr\u00e9\u00e9e pour les fonctionnaires et les militaires qui donnent naissance \u00e0 leurs enfants \u00e0 l&rsquo;\u00e9tranger.<\/p>\n<p>\u00c0 cet \u00e9gard, nous joignons \u00e0 la pr\u00e9sente des lettres que nous adressons aux ministres comp\u00e9tents pour leur demander d&rsquo;appuyer une modification au projet de loi. Nous serions tr\u00e8s heureux de compara\u00eetre devant votre comit\u00e9 afin de vous exposer nos pr\u00e9occupations plus en d\u00e9tail.<\/p>\n<p>Veuillez agr\u00e9er, Monsieur le Pr\u00e9sident, l&rsquo;expression de mes sentiments les meilleurs.<\/p>\n<p>Le pr\u00e9sident.<br \/>\nCraig Weichel<\/p>\n<p>p.j.<br \/>\nc.c.<br \/>\nM. M. Bevilacqua<br \/>\nM. T. St-Cyr<br \/>\nM. Paul Calandra<br \/>\nMme Olivia Chow<br \/>\nM. Rick Dykstra<br \/>\nMme Nina Grewal<br \/>\nM. Jim Karygiannis<br \/>\nMme Alexandra Mendes<br \/>\nM. Pascal-Pierre Paill\u00e9<br \/>\nM. Devinder Shory<br \/>\nMme Alice Wong<\/p>\n","protected":false},"excerpt":{"rendered":"<p>02 juillet 2009 Pour faire suite \u00e0 l&rsquo;affirmation selon laquelle la nouvelle Loi sur la citoyennet\u00e9 pourrait toucher les petits-enfants de FS en mission \u00e0 l&rsquo;\u00e9tranger, l&rsquo;APASE a \u00e9crit au ministre de Citoyennet\u00e9 et Immigration et au pr\u00e9sident du Comit\u00e9 permanent de la citoyennet\u00e9 et de l&rsquo;immigration (voir ci-dessous). Des lettres ont aussi \u00e9t\u00e9 adress\u00e9es [&hellip;]<\/p>\n","protected":false},"author":1,"featured_media":0,"comment_status":"closed","ping_status":"closed","sticky":false,"template":"","format":"standard","meta":{"_acf_changed":false,"_seopress_robots_primary_cat":"","_seopress_titles_title":"","_seopress_titles_desc":"","_seopress_robots_index":"","footnotes":""},"categories":[31],"tags":[],"class_list":["post-3941","post","type-post","status-publish","format-standard","hentry","category-non-classifiee"],"acf":[],"_links":{"self":[{"href":"https:\/\/pafso.com\/fr\/wp-json\/wp\/v2\/posts\/3941","targetHints":{"allow":["GET"]}}],"collection":[{"href":"https:\/\/pafso.com\/fr\/wp-json\/wp\/v2\/posts"}],"about":[{"href":"https:\/\/pafso.com\/fr\/wp-json\/wp\/v2\/types\/post"}],"author":[{"embeddable":true,"href":"https:\/\/pafso.com\/fr\/wp-json\/wp\/v2\/users\/1"}],"replies":[{"embeddable":true,"href":"https:\/\/pafso.com\/fr\/wp-json\/wp\/v2\/comments?post=3941"}],"version-history":[{"count":1,"href":"https:\/\/pafso.com\/fr\/wp-json\/wp\/v2\/posts\/3941\/revisions"}],"predecessor-version":[{"id":4598,"href":"https:\/\/pafso.com\/fr\/wp-json\/wp\/v2\/posts\/3941\/revisions\/4598"}],"wp:attachment":[{"href":"https:\/\/pafso.com\/fr\/wp-json\/wp\/v2\/media?parent=3941"}],"wp:term":[{"taxonomy":"category","embeddable":true,"href":"https:\/\/pafso.com\/fr\/wp-json\/wp\/v2\/categories?post=3941"},{"taxonomy":"post_tag","embeddable":true,"href":"https:\/\/pafso.com\/fr\/wp-json\/wp\/v2\/tags?post=3941"}],"curies":[{"name":"wp","href":"https:\/\/api.w.org\/{rel}","templated":true}]}}