{"id":3928,"date":"2007-11-21T17:00:14","date_gmt":"2007-11-21T17:00:14","guid":{"rendered":"https:\/\/pafso.aponiawebsolutions.ca\/non-classifiee\/le-point-sur-les-negociations-collectives-2\/"},"modified":"2023-08-23T20:24:53","modified_gmt":"2023-08-23T20:24:53","slug":"le-point-sur-les-negociations-collectives-2","status":"publish","type":"post","link":"https:\/\/pafso.com\/fr\/non-classifiee\/le-point-sur-les-negociations-collectives-2\/","title":{"rendered":"Le point sur les n\u00e9gociations collectives"},"content":{"rendered":"<p>21 novembre 2007<\/p>\n<p>Comme nous l\u2019avons signal\u00e9 dans notre message du 26 juillet 2007 sur notre site Web, la pr\u00e9sente ronde de n\u00e9gociations collectives pour le groupe FS s\u2019est amorc\u00e9e lentement. Nous avons signifi\u00e9 l\u2019avis de n\u00e9gocier le 6 mars 2007, mais le Secr\u00e9tariat du Conseil du Tr\u00e9sor \u00e9tait aux prises avec des changements de personnel. Deux n\u00e9gociateurs ont \u00e9t\u00e9 affect\u00e9s depuis ce temps, ce qui fait que les propositions de l\u2019employeur n\u2019ont commenc\u00e9 \u00e0 se concr\u00e9tiser que vers la fin de septembre.<\/p>\n<p>Au d\u00e9but d\u2019octobre, nous avons eu une rencontre pour discuter des probl\u00e8mes r\u00e9sultant de la derni\u00e8re ronde, mais rien n\u2019a vraiment \u00e9t\u00e9 r\u00e9gl\u00e9. Nous nous attendons \u00e0 proc\u00e9der \u00e0 l\u2019\u00e9change de revendications et propositions au d\u00e9but de d\u00e9cembre, mais le processus m\u00eame ne devrait pas d\u00e9buter avant f\u00e9vrier 2008. Les revendications de l\u2019APASE pour la pr\u00e9sente ronde sont nombreuses, et il pourrait falloir plus de temps que d\u2019habitude pour les examiner et, faut-il l\u2019esp\u00e9rer, en arriver \u00e0 une entente sur certaines des questions.<\/p>\n<p>Le 13 novembre, nous avons appris que le n\u00e9gociateur du SCT avait \u00e9t\u00e9 remplac\u00e9; c\u2019est donc dire que nous en sommes au troisi\u00e8me n\u00e9gociateur affect\u00e9 au groupe FS depuis la signification de l\u2019avis de n\u00e9gocier. Nous avons bon espoir qu\u2019une fois que les parties auront \u00e9chang\u00e9 leurs revendications et propositions, les n\u00e9gociations collectives seront mieux structur\u00e9es et prendront un cours plus normal.<\/p>\n<p>Droit d&rsquo;auteur \u00a9 2016 L&rsquo;Association professionnelle des agents du Service ext\u00e9rieur. Tous droits r\u00e9serv\u00e9s.<\/p>\n","protected":false},"excerpt":{"rendered":"<p>21 novembre 2007 Comme nous l\u2019avons signal\u00e9 dans notre message du 26 juillet 2007 sur notre site Web, la pr\u00e9sente ronde de n\u00e9gociations collectives pour le groupe FS s\u2019est amorc\u00e9e lentement. Nous avons signifi\u00e9 l\u2019avis de n\u00e9gocier le 6 mars 2007, mais le Secr\u00e9tariat du Conseil du Tr\u00e9sor \u00e9tait aux prises avec des changements de [&hellip;]<\/p>\n","protected":false},"author":1,"featured_media":0,"comment_status":"closed","ping_status":"closed","sticky":false,"template":"","format":"standard","meta":{"_acf_changed":false,"_seopress_robots_primary_cat":"","_seopress_titles_title":"","_seopress_titles_desc":"","_seopress_robots_index":"","footnotes":""},"categories":[31],"tags":[],"class_list":["post-3928","post","type-post","status-publish","format-standard","hentry","category-non-classifiee"],"acf":[],"_links":{"self":[{"href":"https:\/\/pafso.com\/fr\/wp-json\/wp\/v2\/posts\/3928","targetHints":{"allow":["GET"]}}],"collection":[{"href":"https:\/\/pafso.com\/fr\/wp-json\/wp\/v2\/posts"}],"about":[{"href":"https:\/\/pafso.com\/fr\/wp-json\/wp\/v2\/types\/post"}],"author":[{"embeddable":true,"href":"https:\/\/pafso.com\/fr\/wp-json\/wp\/v2\/users\/1"}],"replies":[{"embeddable":true,"href":"https:\/\/pafso.com\/fr\/wp-json\/wp\/v2\/comments?post=3928"}],"version-history":[{"count":1,"href":"https:\/\/pafso.com\/fr\/wp-json\/wp\/v2\/posts\/3928\/revisions"}],"predecessor-version":[{"id":4611,"href":"https:\/\/pafso.com\/fr\/wp-json\/wp\/v2\/posts\/3928\/revisions\/4611"}],"wp:attachment":[{"href":"https:\/\/pafso.com\/fr\/wp-json\/wp\/v2\/media?parent=3928"}],"wp:term":[{"taxonomy":"category","embeddable":true,"href":"https:\/\/pafso.com\/fr\/wp-json\/wp\/v2\/categories?post=3928"},{"taxonomy":"post_tag","embeddable":true,"href":"https:\/\/pafso.com\/fr\/wp-json\/wp\/v2\/tags?post=3928"}],"curies":[{"name":"wp","href":"https:\/\/api.w.org\/{rel}","templated":true}]}}