{"id":3927,"date":"2007-11-20T16:59:19","date_gmt":"2007-11-20T16:59:19","guid":{"rendered":"https:\/\/pafso.aponiawebsolutions.ca\/non-classifiee\/avis-de-lapase-election-du-president\/"},"modified":"2023-08-23T20:24:53","modified_gmt":"2023-08-23T20:24:53","slug":"avis-de-lapase-election-du-president","status":"publish","type":"post","link":"https:\/\/pafso.com\/fr\/mise-a-jour-de-la-presidente\/avis-de-lapase-election-du-president\/","title":{"rendered":"Avis de l\u2019APASE &#8211; \u00e9lection du pr\u00e9sident"},"content":{"rendered":"<p>20 novembre 2007<\/p>\n<p>L\u2019Association professionnelle des agents du service ext\u00e9rieur (APASE) est heureuse d\u2019annoncer l\u2019\u00e9lection de M. Craig Weichel au poste de pr\u00e9sident de l\u2019Association.<\/p>\n<p>M. Craig Weichel (BA (avec distinction), Universit\u00e9 Wilfrid-Laurier, 1994; MA, Universit\u00e9 McMaster, 1996), a joint les rangs du service ext\u00e9rieur (fili\u00e8re Politique\/\u00c9conomique) en 1998 \u00e0 titre de recrue dans le cadre du Programme de perfectionnement du service ext\u00e9rieur. Il a servi \u00e0 l\u2019\u00e9tranger au sein de la d\u00e9l\u00e9gation canadienne aupr\u00e8s de l\u2019Organisation pour la s\u00e9curit\u00e9 et la coop\u00e9ration en Europe \u00e0 Vienne (2002-2005), de la Mission permanente canadienne aupr\u00e8s de l\u2019ONU \u00e0 New York (2000) et de l\u2019Ambassade du Canada \u00e0 Washington DC (2000). \u00c0 l\u2019administration centrale, M. Weichel est actuellement directeur adjoint \u00e0 la Direction du d\u00e9sarmement nucl\u00e9aire et chimique et il a aussi eu des affectations \u00e0 la Direction des relations g\u00e9n\u00e9rales avec les \u00c9tats-Unis et \u00e0 la Direction de l\u2019Europe du Nord. M. Weichel a si\u00e9g\u00e9 au Comit\u00e9 ex\u00e9cutif en 2001-2002, puis en 2006. Il a agi en qualit\u00e9 de vice-pr\u00e9sident (fili\u00e8re (Politique\/\u00c9conomique) jusqu\u2019\u00e0 sa nomination au poste de pr\u00e9sident en novembre 2007.<\/p>\n<p>M. Weichel est mari\u00e9 \u00e0 Carol Ann (n\u00e9e Stuckless).<\/p>\n","protected":false},"excerpt":{"rendered":"<p>20 novembre 2007 L\u2019Association professionnelle des agents du service ext\u00e9rieur (APASE) est heureuse d\u2019annoncer l\u2019\u00e9lection de M. Craig Weichel au poste de pr\u00e9sident de l\u2019Association. M. Craig Weichel (BA (avec distinction), Universit\u00e9 Wilfrid-Laurier, 1994; MA, Universit\u00e9 McMaster, 1996), a joint les rangs du service ext\u00e9rieur (fili\u00e8re Politique\/\u00c9conomique) en 1998 \u00e0 titre de recrue dans le [&hellip;]<\/p>\n","protected":false},"author":1,"featured_media":0,"comment_status":"closed","ping_status":"closed","sticky":false,"template":"","format":"standard","meta":{"_acf_changed":false,"_seopress_robots_primary_cat":"","_seopress_titles_title":"","_seopress_titles_desc":"","_seopress_robots_index":"","footnotes":""},"categories":[41],"tags":[],"class_list":["post-3927","post","type-post","status-publish","format-standard","hentry","category-mise-a-jour-de-la-presidente"],"acf":[],"_links":{"self":[{"href":"https:\/\/pafso.com\/fr\/wp-json\/wp\/v2\/posts\/3927","targetHints":{"allow":["GET"]}}],"collection":[{"href":"https:\/\/pafso.com\/fr\/wp-json\/wp\/v2\/posts"}],"about":[{"href":"https:\/\/pafso.com\/fr\/wp-json\/wp\/v2\/types\/post"}],"author":[{"embeddable":true,"href":"https:\/\/pafso.com\/fr\/wp-json\/wp\/v2\/users\/1"}],"replies":[{"embeddable":true,"href":"https:\/\/pafso.com\/fr\/wp-json\/wp\/v2\/comments?post=3927"}],"version-history":[{"count":1,"href":"https:\/\/pafso.com\/fr\/wp-json\/wp\/v2\/posts\/3927\/revisions"}],"predecessor-version":[{"id":4612,"href":"https:\/\/pafso.com\/fr\/wp-json\/wp\/v2\/posts\/3927\/revisions\/4612"}],"wp:attachment":[{"href":"https:\/\/pafso.com\/fr\/wp-json\/wp\/v2\/media?parent=3927"}],"wp:term":[{"taxonomy":"category","embeddable":true,"href":"https:\/\/pafso.com\/fr\/wp-json\/wp\/v2\/categories?post=3927"},{"taxonomy":"post_tag","embeddable":true,"href":"https:\/\/pafso.com\/fr\/wp-json\/wp\/v2\/tags?post=3927"}],"curies":[{"name":"wp","href":"https:\/\/api.w.org\/{rel}","templated":true}]}}