{"id":3926,"date":"2007-07-26T17:59:25","date_gmt":"2007-07-26T17:59:25","guid":{"rendered":"https:\/\/pafso.aponiawebsolutions.ca\/non-classifiee\/le-point-sur-les-negociations-collectives\/"},"modified":"2023-08-23T20:24:54","modified_gmt":"2023-08-23T20:24:54","slug":"le-point-sur-les-negociations-collectives","status":"publish","type":"post","link":"https:\/\/pafso.com\/fr\/non-classifiee\/le-point-sur-les-negociations-collectives\/","title":{"rendered":"Le point sur les n\u00e9gociations collectives"},"content":{"rendered":"<p>26 juillet 2007<\/p>\n<p>La convention collective du groupe Service ext\u00e9rieur (FS) a expir\u00e9 le 30 juin 2007. Nous sommes actuellement \u00e0 \u00e9tablir un calendrier de n\u00e9gociation avec le n\u00e9gociateur du Conseil du Tr\u00e9sor affect\u00e9 au groupe FS.<\/p>\n<p>La pr\u00e9sente ronde de n\u00e9gociations a d\u00e9but\u00e9 lentement, principalement \u00e0 cause de circonstances impr\u00e9vues pour la partie patronale et de la complexit\u00e9 li\u00e9e \u00e0 la formulation de quelques-unes de nos revendications, en particulier celles qui ont trait au PPSE et \u00e0 la r\u00e9mun\u00e9ration.<\/p>\n<p>\u00c0 toutes fins utiles, nous avons signifi\u00e9 l\u2019avis de n\u00e9gocier le 6 mars 2007 et re\u00e7u un accus\u00e9 de r\u00e9ception du Secr\u00e9tariat du Conseil du Tr\u00e9sor, le 20 mars 2007. Le groupe FS conserve la conciliation assortie du droit de gr\u00e8ve comme recours en cas d\u2019impasse dans les n\u00e9gociations. Nous travaillons actuellement avec les minist\u00e8res \u00e0 dresser une liste d\u2019employ\u00e9s qui, en cas de gr\u00e8ve, ne seront pas autoris\u00e9s \u00e0 refuser leurs services (employ\u00e9s d\u00e9sign\u00e9s) pour des motifs de s\u00e9curit\u00e9 et\/ou de s\u00fbret\u00e9.<\/p>\n<p>Nous vous tiendrons au courant des d\u00e9veloppements.<\/p>\n","protected":false},"excerpt":{"rendered":"<p>26 juillet 2007 La convention collective du groupe Service ext\u00e9rieur (FS) a expir\u00e9 le 30 juin 2007. Nous sommes actuellement \u00e0 \u00e9tablir un calendrier de n\u00e9gociation avec le n\u00e9gociateur du Conseil du Tr\u00e9sor affect\u00e9 au groupe FS. La pr\u00e9sente ronde de n\u00e9gociations a d\u00e9but\u00e9 lentement, principalement \u00e0 cause de circonstances impr\u00e9vues pour la partie patronale [&hellip;]<\/p>\n","protected":false},"author":1,"featured_media":0,"comment_status":"closed","ping_status":"closed","sticky":false,"template":"","format":"standard","meta":{"_acf_changed":false,"_seopress_robots_primary_cat":"","_seopress_titles_title":"","_seopress_titles_desc":"","_seopress_robots_index":"","footnotes":""},"categories":[31],"tags":[],"class_list":["post-3926","post","type-post","status-publish","format-standard","hentry","category-non-classifiee"],"acf":[],"_links":{"self":[{"href":"https:\/\/pafso.com\/fr\/wp-json\/wp\/v2\/posts\/3926","targetHints":{"allow":["GET"]}}],"collection":[{"href":"https:\/\/pafso.com\/fr\/wp-json\/wp\/v2\/posts"}],"about":[{"href":"https:\/\/pafso.com\/fr\/wp-json\/wp\/v2\/types\/post"}],"author":[{"embeddable":true,"href":"https:\/\/pafso.com\/fr\/wp-json\/wp\/v2\/users\/1"}],"replies":[{"embeddable":true,"href":"https:\/\/pafso.com\/fr\/wp-json\/wp\/v2\/comments?post=3926"}],"version-history":[{"count":1,"href":"https:\/\/pafso.com\/fr\/wp-json\/wp\/v2\/posts\/3926\/revisions"}],"predecessor-version":[{"id":4613,"href":"https:\/\/pafso.com\/fr\/wp-json\/wp\/v2\/posts\/3926\/revisions\/4613"}],"wp:attachment":[{"href":"https:\/\/pafso.com\/fr\/wp-json\/wp\/v2\/media?parent=3926"}],"wp:term":[{"taxonomy":"category","embeddable":true,"href":"https:\/\/pafso.com\/fr\/wp-json\/wp\/v2\/categories?post=3926"},{"taxonomy":"post_tag","embeddable":true,"href":"https:\/\/pafso.com\/fr\/wp-json\/wp\/v2\/tags?post=3926"}],"curies":[{"name":"wp","href":"https:\/\/api.w.org\/{rel}","templated":true}]}}